{"id":155941,"date":"2020-02-27T15:10:43","date_gmt":"2020-02-27T18:10:43","guid":{"rendered":"https:\/\/diarioregionaldigital.com.br\/?p=155941"},"modified":"2020-02-27T15:10:43","modified_gmt":"2020-02-27T18:10:43","slug":"adeus-a-uma-lenda-morre-ex-tecnico-valdir-espinosa","status":"publish","type":"post","link":"https:\/\/diarioregionaldigital.com.br\/?p=155941","title":{"rendered":"Adeus a uma lenda, morre ex-t\u00e9cnico Valdir Espinosa"},"content":{"rendered":"<p><span style=\"font-weight: 400;\">Morreu nessa quinta-feira (27), no Rio de Janeiro, o ex-t\u00e9cnico de futebol Valdir Espinosa. Ele estava internado para realizar uma cirurgia no abd\u00f4men no \u00faltimo dia (17), mas tr\u00eas dias depois, teve que retornar ao hospital e n\u00e3o se recuperou da opera\u00e7\u00e3o. Valdir Espinosa ocupava o cargo de Gerente de Futebol do Botafogo. O vel\u00f3rio ser\u00e1 realizado no Sal\u00e3o Nobre da sede do clube alvinegro.<\/span><\/p>\n<p><span style=\"font-weight: 400;\">Valdir Espinosa nasceu em Porto Alegre e iniciou sua carreira de jogador pelo Gr\u00eamio. Teve passagens por outros clubes como: CSA de Alagoas, Esportivo, Caxias do Sul e Vit\u00f3ria. Encerrou sua carreira como jogador em 1978 e no ano seguinte se tornou treinador.<\/span><\/p>\n<p><span style=\"font-weight: 400;\">Um de seus trabalhos mais marcantes foi pelo Gr\u00eamio, o qual levou o tricolor ga\u00facho aos t\u00edtulos da Libertadores e Mundial de 1983. Em 1989 virou t\u00e9cnico do Botafogo e levou o alvinegro ao t\u00edtulo carioca, colocando fim ao tabu de 20 anos sem conquistar o campeonato estadual.\u00a0<\/span><\/p>\n<p><span style=\"font-weight: 400;\">Al\u00e9m de Gr\u00eamio e Botafogo, <\/span><span style=\"font-weight: 400;\">Espinosa tamb\u00e9m foi t\u00e9cnico de outras equipes nacionais. Destaque para Athletico-PR, Atl\u00e9tico-MG, Cear\u00e1, Corinthians, Coritiba, Flamengo, Fluminense, Fortaleza, Palmeiras, Portuguesa, Santa Cruz, Vasco da Gama e Vit\u00f3ria.<\/span><\/p>\n<p>&nbsp;<\/p>\n<p><b>Nota do Gr\u00eamio<\/b><\/p>\n<p>&nbsp;<\/p>\n<p><span style=\"font-weight: 400;\">O tricolor ga\u00facho publicou em seu site oficial uma nota de pesar em homenagem ao ex-t\u00e9cnico:\u00a0<\/span><\/p>\n<p>&nbsp;<\/p>\n<p><span style=\"font-weight: 400;\">\u201c<\/span><span style=\"font-weight: 400;\">O Gr\u00eamio Foot-Ball Porto Alegrense informa, com imenso pesar, o falecimento de Valdir Espinosa, um dos maiores t\u00e9cnicos de sua hist\u00f3ria. Sob o comando de Espinosa o Gr\u00eamio abriu as portas do continente e do mundo ao Rio Grande do Sul, conquistando a Copa Libertadores da Am\u00e9rica e o Mundial de Clubes em 1983.<\/span><\/p>\n<p><span style=\"font-weight: 400;\">Valdir Espinosa retornou ao Gr\u00eamio em 2016, como Coordenador T\u00e9cnico e participou da conquista do pentacampeonato da Copa do Brasil. Atualmente exercia o cargo de Gerente T\u00e9cnico do Botafogo.<\/span><\/p>\n<p><span style=\"font-weight: 400;\">\u00a0<\/span><\/p>\n<p><span style=\"font-weight: 400;\">O Gr\u00eamio Foot-Ball Porto Alegrense se solidariza com toda a fam\u00edlia Espinosa, amigos e torcida nesse momento de dor\u201d.<\/span><\/p>\n<p>&nbsp;<\/p>\n<p><b>Nota do Botafogo<\/b><\/p>\n<p><span style=\"font-weight: 400;\">Clube de maior identifica\u00e7\u00e3o de Valdir Espinosa, o Botafogo tamb\u00e9m emitiu um comunicado em seu site oficial para homenagear seu ex-treinador e Gerente de Futebol:<\/span><\/p>\n<p><span style=\"font-weight: 400;\">\u201c\u00c9 com muita dor e imenso pesar que o Botafogo de Futebol e Regatas comunica o falecimento do Professor Valdir Espinosa, aos 72 anos. Comandante do t\u00edtulo Carioca em 1989, Espinosa exercia a fun\u00e7\u00e3o de Gerente T\u00e9cnico desde dezembro de 2019.<\/span><\/p>\n<p><span style=\"font-weight: 400;\">Muito querido no Clube por torcedores e por quem conviveu com ele no dia a dia, Espinosa vai fazer muita falta. Sua lideran\u00e7a, exemplo e ensinamentos seguir\u00e3o no Botafogo como legado dessa figura t\u00e3o representativa na hist\u00f3ria do Clube.<\/span><\/p>\n<p><span style=\"font-weight: 400;\">O Presidente Nelson Mufarrej decretou luto oficial de tr\u00eas dias. Em sinal de respeito por este grande profissional, O pavih\u00e3o alvinegro de General Severiano encontra-se a meio-mastro\u201d.<\/span><\/p>\n<p>&nbsp;<\/p>\n","protected":false},"excerpt":{"rendered":"<p>Morreu nessa quinta-feira (27), no Rio de Janeiro, o ex-t\u00e9cnico de futebol Valdir Espinosa. Ele estava internado para realizar uma cirurgia no abd\u00f4men no \u00faltimo dia (17), mas tr\u00eas dias depois, teve que retornar ao hospital e n\u00e3o se recuperou da opera\u00e7\u00e3o. Valdir Espinosa ocupava o cargo de Gerente de Futebol do Botafogo. O vel\u00f3rio [&hellip;]<\/p>\n","protected":false},"author":96,"featured_media":155942,"comment_status":"closed","ping_status":"closed","sticky":false,"template":"","format":"standard","meta":{"footnotes":""},"categories":[436,440,257,439],"tags":[],"class_list":["post-155941","post","type-post","status-publish","format-standard","has-post-thumbnail","hentry","category-destaque-da-semana","category-destaques-do-dia","category-esporte","category-ultima-hora"],"_links":{"self":[{"href":"https:\/\/diarioregionaldigital.com.br\/index.php?rest_route=\/wp\/v2\/posts\/155941","targetHints":{"allow":["GET"]}}],"collection":[{"href":"https:\/\/diarioregionaldigital.com.br\/index.php?rest_route=\/wp\/v2\/posts"}],"about":[{"href":"https:\/\/diarioregionaldigital.com.br\/index.php?rest_route=\/wp\/v2\/types\/post"}],"author":[{"embeddable":true,"href":"https:\/\/diarioregionaldigital.com.br\/index.php?rest_route=\/wp\/v2\/users\/96"}],"replies":[{"embeddable":true,"href":"https:\/\/diarioregionaldigital.com.br\/index.php?rest_route=%2Fwp%2Fv2%2Fcomments&post=155941"}],"version-history":[{"count":0,"href":"https:\/\/diarioregionaldigital.com.br\/index.php?rest_route=\/wp\/v2\/posts\/155941\/revisions"}],"wp:featuredmedia":[{"embeddable":true,"href":"https:\/\/diarioregionaldigital.com.br\/index.php?rest_route=\/wp\/v2\/media\/155942"}],"wp:attachment":[{"href":"https:\/\/diarioregionaldigital.com.br\/index.php?rest_route=%2Fwp%2Fv2%2Fmedia&parent=155941"}],"wp:term":[{"taxonomy":"category","embeddable":true,"href":"https:\/\/diarioregionaldigital.com.br\/index.php?rest_route=%2Fwp%2Fv2%2Fcategories&post=155941"},{"taxonomy":"post_tag","embeddable":true,"href":"https:\/\/diarioregionaldigital.com.br\/index.php?rest_route=%2Fwp%2Fv2%2Ftags&post=155941"}],"curies":[{"name":"wp","href":"https:\/\/api.w.org\/{rel}","templated":true}]}}