{"id":155935,"date":"2020-02-27T14:50:23","date_gmt":"2020-02-27T17:50:23","guid":{"rendered":"https:\/\/diarioregionaldigital.com.br\/?p=155935"},"modified":"2020-02-27T14:50:23","modified_gmt":"2020-02-27T17:50:23","slug":"prefeitura-abre-inscricoes-para-contratacao-de-neurocirurgiao","status":"publish","type":"post","link":"https:\/\/diarioregionaldigital.com.br\/?p=155935","title":{"rendered":"Prefeitura abre inscri\u00e7\u00f5es para contrata\u00e7\u00e3o de neurocirurgi\u00e3o"},"content":{"rendered":"<p><span style=\"font-weight: 400;\">A Prefeitura de Juiz de Fora (PJF), abriu as inscri\u00e7\u00f5es para o processo seletivo simplificado de contrata\u00e7\u00e3o de m\u00e9dico neurocirurgi\u00e3o. A sele\u00e7\u00e3o visa atua\u00e7\u00e3o na \u00e1rea de urg\u00eancia e emerg\u00eancia.<\/span><\/p>\n<p><span style=\"font-weight: 400;\">Os interessados devem efetuar a inscri\u00e7\u00e3o at\u00e9 \u00e0s 23h59 da pr\u00f3xima segunda-feira (4) atrav\u00e9s do site da PJF. Para participar no processo seletivo, os candidatos devem ter completado ensino superior e registro regional da categoria.<\/span><\/p>\n<p><span style=\"font-weight: 400;\">A entrega de t\u00edtulos para valida\u00e7\u00e3o das informa\u00e7\u00f5es prestadas dever\u00e1 ser feita na pr\u00f3xima quinta-feira (5) ou na sexta-feira (6), na Av. Brasil, 2.001, das 8h30 \u00e0s 11h30 ou das 14h30 \u00e0s 17h30. A documenta\u00e7\u00e3o dever\u00e1 ser entregue com a c\u00f3pia do documento de identidade, pessoalmente ou por terceiros, em envelope lacrado, com o comprovante de inscri\u00e7\u00e3o. <\/span><\/p>\n","protected":false},"excerpt":{"rendered":"<p>A Prefeitura de Juiz de Fora (PJF), abriu as inscri\u00e7\u00f5es para o processo seletivo simplificado de contrata\u00e7\u00e3o de m\u00e9dico neurocirurgi\u00e3o. A sele\u00e7\u00e3o visa atua\u00e7\u00e3o na \u00e1rea de urg\u00eancia e emerg\u00eancia. Os interessados devem efetuar a inscri\u00e7\u00e3o at\u00e9 \u00e0s 23h59 da pr\u00f3xima segunda-feira (4) atrav\u00e9s do site da PJF. Para participar no processo seletivo, os candidatos [&hellip;]<\/p>\n","protected":false},"author":96,"featured_media":155936,"comment_status":"closed","ping_status":"closed","sticky":false,"template":"","format":"standard","meta":{"footnotes":""},"categories":[253,436,440,439],"tags":[],"class_list":["post-155935","post","type-post","status-publish","format-standard","has-post-thumbnail","hentry","category-cidade","category-destaque-da-semana","category-destaques-do-dia","category-ultima-hora"],"_links":{"self":[{"href":"https:\/\/diarioregionaldigital.com.br\/index.php?rest_route=\/wp\/v2\/posts\/155935","targetHints":{"allow":["GET"]}}],"collection":[{"href":"https:\/\/diarioregionaldigital.com.br\/index.php?rest_route=\/wp\/v2\/posts"}],"about":[{"href":"https:\/\/diarioregionaldigital.com.br\/index.php?rest_route=\/wp\/v2\/types\/post"}],"author":[{"embeddable":true,"href":"https:\/\/diarioregionaldigital.com.br\/index.php?rest_route=\/wp\/v2\/users\/96"}],"replies":[{"embeddable":true,"href":"https:\/\/diarioregionaldigital.com.br\/index.php?rest_route=%2Fwp%2Fv2%2Fcomments&post=155935"}],"version-history":[{"count":0,"href":"https:\/\/diarioregionaldigital.com.br\/index.php?rest_route=\/wp\/v2\/posts\/155935\/revisions"}],"wp:featuredmedia":[{"embeddable":true,"href":"https:\/\/diarioregionaldigital.com.br\/index.php?rest_route=\/wp\/v2\/media\/155936"}],"wp:attachment":[{"href":"https:\/\/diarioregionaldigital.com.br\/index.php?rest_route=%2Fwp%2Fv2%2Fmedia&parent=155935"}],"wp:term":[{"taxonomy":"category","embeddable":true,"href":"https:\/\/diarioregionaldigital.com.br\/index.php?rest_route=%2Fwp%2Fv2%2Fcategories&post=155935"},{"taxonomy":"post_tag","embeddable":true,"href":"https:\/\/diarioregionaldigital.com.br\/index.php?rest_route=%2Fwp%2Fv2%2Ftags&post=155935"}],"curies":[{"name":"wp","href":"https:\/\/api.w.org\/{rel}","templated":true}]}}