{"id":155931,"date":"2020-02-27T14:38:32","date_gmt":"2020-02-27T17:38:32","guid":{"rendered":"https:\/\/diarioregionaldigital.com.br\/?p=155931"},"modified":"2020-02-27T14:38:32","modified_gmt":"2020-02-27T17:38:32","slug":"estados-e-municipios-tem-ate-domingo-para-informar-gastos-com-saude","status":"publish","type":"post","link":"https:\/\/diarioregionaldigital.com.br\/?p=155931","title":{"rendered":"Estados e munic\u00edpios t\u00eam at\u00e9 domingo para informar gastos com sa\u00fade"},"content":{"rendered":"<p><span style=\"font-weight: 400;\">Estados e munic\u00edpios t\u00eam at\u00e9 este domingo (1) para declarar, no Sistema de Informa\u00e7\u00e3o sobre Or\u00e7amentos P\u00fablicos em Sa\u00fade (Siops), as receitas e despesas de 2019. De acordo com o Minist\u00e9rio da Sa\u00fade (MS), cerca de tr\u00eas mil gestores locais ainda n\u00e3o registraram seus gastos na \u00e1rea.<\/span><\/p>\n<p><span style=\"font-weight: 400;\">As secretarias estaduais e municipais que n\u00e3o informarem os gastos dentro do prazo podem ter as transfer\u00eancias de recursos p\u00fablicos suspensas, como os Fundos de Participa\u00e7\u00e3o dos Estados (FPE) e dos Munic\u00edpios (FPM).<\/span><\/p>\n<p><span style=\"font-weight: 400;\">Por lei, os estados e o Distrito Federal devem investir no m\u00ednimo 12% de suas receitas na sa\u00fade. No caso dos munic\u00edpios, a Constitui\u00e7\u00e3o determina o investimento m\u00ednimo de 15% na sa\u00fade p\u00fablica, enquanto o governo federal deve aplicar 15% da Recente Corrente L\u00edquida, atualizada pela infla\u00e7\u00e3o acumulada no per\u00edodo desde 2017.<\/span><\/p>\n<p><span style=\"font-weight: 400;\">A aplica\u00e7\u00e3o m\u00ednima desses recursos \u00e9 acompanhada por meio do Siops. O sistema serve para que pessoas e \u00f3rg\u00e3os de controle possam fazer o acompanhamento da aplica\u00e7\u00e3o dos recursos na sa\u00fade.<\/span><\/p>\n<p><span style=\"font-weight: 400;\">A lei determina que os gestores dos recursos do Sistema \u00danico de Sa\u00fade (SUS) abaste\u00e7am bimestralmente o sistema com as informa\u00e7\u00f5es. Ap\u00f3s o \u00faltimo bimestre (novembro e dezembro), s\u00e3o verificados os percentuais m\u00ednimos que devem ser aplicados na sa\u00fade, durante todo o ano.<\/span><\/p>\n<p><span style=\"font-weight: 400;\">&#8220;Os munic\u00edpios e estados que n\u00e3o transmitirem os dados do ano passado ter\u00e3o os repasses constitucionais e transfer\u00eancias volunt\u00e1rias (conv\u00eanios) suspensos at\u00e9 a regulariza\u00e7\u00e3o&#8221;, informou o MS.<\/span><\/p>\n<p><span style=\"font-weight: 400;\">O minist\u00e9rio informou ainda que a partir da regulariza\u00e7\u00e3o do envio de informa\u00e7\u00f5es ou do alcance do percentual m\u00ednimo exigido constitucionalmente, os recursos s\u00e3o liberados em at\u00e9 72 horas ap\u00f3s a publica\u00e7\u00e3o dos dados no sistema.<\/span><\/p>\n<p>&nbsp;<\/p>\n<p><strong>Fonte:<\/strong>\u00a0Ag\u00eancia Brasil<\/p>\n","protected":false},"excerpt":{"rendered":"<p>Estados e munic\u00edpios t\u00eam at\u00e9 este domingo (1) para declarar, no Sistema de Informa\u00e7\u00e3o sobre Or\u00e7amentos P\u00fablicos em Sa\u00fade (Siops), as receitas e despesas de 2019. De acordo com o Minist\u00e9rio da Sa\u00fade (MS), cerca de tr\u00eas mil gestores locais ainda n\u00e3o registraram seus gastos na \u00e1rea. As secretarias estaduais e municipais que n\u00e3o informarem [&hellip;]<\/p>\n","protected":false},"author":96,"featured_media":155932,"comment_status":"closed","ping_status":"closed","sticky":false,"template":"","format":"standard","meta":{"footnotes":""},"categories":[253,436,440,439],"tags":[],"class_list":["post-155931","post","type-post","status-publish","format-standard","has-post-thumbnail","hentry","category-cidade","category-destaque-da-semana","category-destaques-do-dia","category-ultima-hora"],"_links":{"self":[{"href":"https:\/\/diarioregionaldigital.com.br\/index.php?rest_route=\/wp\/v2\/posts\/155931","targetHints":{"allow":["GET"]}}],"collection":[{"href":"https:\/\/diarioregionaldigital.com.br\/index.php?rest_route=\/wp\/v2\/posts"}],"about":[{"href":"https:\/\/diarioregionaldigital.com.br\/index.php?rest_route=\/wp\/v2\/types\/post"}],"author":[{"embeddable":true,"href":"https:\/\/diarioregionaldigital.com.br\/index.php?rest_route=\/wp\/v2\/users\/96"}],"replies":[{"embeddable":true,"href":"https:\/\/diarioregionaldigital.com.br\/index.php?rest_route=%2Fwp%2Fv2%2Fcomments&post=155931"}],"version-history":[{"count":0,"href":"https:\/\/diarioregionaldigital.com.br\/index.php?rest_route=\/wp\/v2\/posts\/155931\/revisions"}],"wp:featuredmedia":[{"embeddable":true,"href":"https:\/\/diarioregionaldigital.com.br\/index.php?rest_route=\/wp\/v2\/media\/155932"}],"wp:attachment":[{"href":"https:\/\/diarioregionaldigital.com.br\/index.php?rest_route=%2Fwp%2Fv2%2Fmedia&parent=155931"}],"wp:term":[{"taxonomy":"category","embeddable":true,"href":"https:\/\/diarioregionaldigital.com.br\/index.php?rest_route=%2Fwp%2Fv2%2Fcategories&post=155931"},{"taxonomy":"post_tag","embeddable":true,"href":"https:\/\/diarioregionaldigital.com.br\/index.php?rest_route=%2Fwp%2Fv2%2Ftags&post=155931"}],"curies":[{"name":"wp","href":"https:\/\/api.w.org\/{rel}","templated":true}]}}