{"id":155922,"date":"2020-02-27T14:15:34","date_gmt":"2020-02-27T17:15:34","guid":{"rendered":"https:\/\/diarioregionaldigital.com.br\/?p=155922"},"modified":"2020-02-27T14:15:34","modified_gmt":"2020-02-27T17:15:34","slug":"cai-estimativa-do-mercado-financeiro-para-inflacao-diz-bc","status":"publish","type":"post","link":"https:\/\/diarioregionaldigital.com.br\/?p=155922","title":{"rendered":"Cai estimativa do mercado financeiro para infla\u00e7\u00e3o, diz BC"},"content":{"rendered":"<p>As institui\u00e7\u00f5es financeiras consultadas pelo Banco Central (BC) reduziram a estimativa para a infla\u00e7\u00e3o este ano, pela oitava vez seguida. Desta vez, a proje\u00e7\u00e3o para o \u00cdndice Nacional de Pre\u00e7os ao Consumidor Amplo (IPCA \u2013 a infla\u00e7\u00e3o oficial do pa\u00eds \u2013 caiu de 3,22% para 3,20%. A informa\u00e7\u00e3o consta no boletim Focus, pesquisa semanal do BC que traz as proje\u00e7\u00f5es de institui\u00e7\u00f5es para os principais indicadores econ\u00f4micos.<\/p>\n<p>Para 2021, a estimativa de infla\u00e7\u00e3o se mant\u00e9m em 3,75%. A previs\u00e3o para os anos seguintes tamb\u00e9m n\u00e3o teve altera\u00e7\u00f5es: 3,50% em 2022 e 2023.<\/p>\n<p>A proje\u00e7\u00e3o para 2020 est\u00e1 abaixo do centro da meta de infla\u00e7\u00e3o que deve ser perseguida pelo BC. A meta, definida pelo Conselho Monet\u00e1rio Nacional, \u00e9 4% em 2020. Para 2021, a meta \u00e9 3,75% e para 2022, 3,50%. O intervalo de toler\u00e2ncia para cada ano \u00e9 1,5 ponto percentual para cima ou para baixo, ou seja, em 2020, por exemplo, o limite m\u00ednimo da meta de infla\u00e7\u00e3o \u00e9 2,5% e o m\u00e1ximo, 5,5%.<\/p>\n<p>Para alcan\u00e7ar a meta de infla\u00e7\u00e3o, o Banco Central usa como principal instrumento a taxa b\u00e1sica de juros, a Selic, atualmente em 4,25% ao ano. Para o mercado financeiro, a Selic deve ser mantida no atual patamar at\u00e9 o fim do ano. Em 2021, a expectativa \u00e9 de aumento da taxa b\u00e1sica, encerrando o per\u00edodo em 6% ao ano. Para o fim de 2022 e 2023, a previs\u00e3o \u00e9 6,5% ao ano.<\/p>\n<p>Quando o Comit\u00ea de Pol\u00edtica Monet\u00e1ria (Copom) reduz a Selic, a tend\u00eancia \u00e9 que o cr\u00e9dito fique mais barato, com incentivo \u00e0 produ\u00e7\u00e3o e ao consumo, reduzindo o controle da infla\u00e7\u00e3o e estimulando a atividade econ\u00f4mica.<\/p>\n<p>Quando o Copom aumenta a taxa b\u00e1sica de juros, o objetivo \u00e9 conter a demanda aquecida, e isso causa reflexos nos pre\u00e7os porque os juros mais altos encarecem o cr\u00e9dito e estimulam a poupan\u00e7a. J\u00e1 a manuten\u00e7\u00e3o da Selic indica que o Copom considera as altera\u00e7\u00f5es anteriores suficientes para chegar \u00e0 meta de infla\u00e7\u00e3o.<\/p>\n<p><strong>Atividade econ\u00f4mica<\/strong><\/p>\n<p>A proje\u00e7\u00e3o para a expans\u00e3o do Produto Interno Bruto (PIB) \u2013 a soma de todos os bens e servi\u00e7os produzidos no pa\u00eds \u2013 caiu de 2,23% para 2,20% em 2020, na segunda redu\u00e7\u00e3o consecutiva. As estimativas das institui\u00e7\u00f5es financeiras para os anos seguintes &#8211; 2021, 2022 e 2023 \u2013 permanecem em 2,50%.<\/p>\n<p>A previs\u00e3o do mercado financeiro para a cota\u00e7\u00e3o do d\u00f3lar subiu de R$ 4,10 para R$ 4,15 para o fim deste ano e de R$ 4,11 para R$ 4,15, ao fim de 2021.<\/p>\n<p>&nbsp;<\/p>\n<p><strong>Fonte:\u00a0<\/strong>Ag\u00eancia Brasil<\/p>\n","protected":false},"excerpt":{"rendered":"<p>As institui\u00e7\u00f5es financeiras consultadas pelo Banco Central (BC) reduziram a estimativa para a infla\u00e7\u00e3o este ano, pela oitava vez seguida. Desta vez, a proje\u00e7\u00e3o para o \u00cdndice Nacional de Pre\u00e7os ao Consumidor Amplo (IPCA \u2013 a infla\u00e7\u00e3o oficial do pa\u00eds \u2013 caiu de 3,22% para 3,20%. A informa\u00e7\u00e3o consta no boletim Focus, pesquisa semanal do [&hellip;]<\/p>\n","protected":false},"author":96,"featured_media":155923,"comment_status":"closed","ping_status":"closed","sticky":false,"template":"","format":"standard","meta":{"footnotes":""},"categories":[436,261,439],"tags":[],"class_list":["post-155922","post","type-post","status-publish","format-standard","has-post-thumbnail","hentry","category-destaque-da-semana","category-economia","category-ultima-hora"],"_links":{"self":[{"href":"https:\/\/diarioregionaldigital.com.br\/index.php?rest_route=\/wp\/v2\/posts\/155922","targetHints":{"allow":["GET"]}}],"collection":[{"href":"https:\/\/diarioregionaldigital.com.br\/index.php?rest_route=\/wp\/v2\/posts"}],"about":[{"href":"https:\/\/diarioregionaldigital.com.br\/index.php?rest_route=\/wp\/v2\/types\/post"}],"author":[{"embeddable":true,"href":"https:\/\/diarioregionaldigital.com.br\/index.php?rest_route=\/wp\/v2\/users\/96"}],"replies":[{"embeddable":true,"href":"https:\/\/diarioregionaldigital.com.br\/index.php?rest_route=%2Fwp%2Fv2%2Fcomments&post=155922"}],"version-history":[{"count":0,"href":"https:\/\/diarioregionaldigital.com.br\/index.php?rest_route=\/wp\/v2\/posts\/155922\/revisions"}],"wp:featuredmedia":[{"embeddable":true,"href":"https:\/\/diarioregionaldigital.com.br\/index.php?rest_route=\/wp\/v2\/media\/155923"}],"wp:attachment":[{"href":"https:\/\/diarioregionaldigital.com.br\/index.php?rest_route=%2Fwp%2Fv2%2Fmedia&parent=155922"}],"wp:term":[{"taxonomy":"category","embeddable":true,"href":"https:\/\/diarioregionaldigital.com.br\/index.php?rest_route=%2Fwp%2Fv2%2Fcategories&post=155922"},{"taxonomy":"post_tag","embeddable":true,"href":"https:\/\/diarioregionaldigital.com.br\/index.php?rest_route=%2Fwp%2Fv2%2Ftags&post=155922"}],"curies":[{"name":"wp","href":"https:\/\/api.w.org\/{rel}","templated":true}]}}