{"id":155919,"date":"2020-02-27T14:12:19","date_gmt":"2020-02-27T17:12:19","guid":{"rendered":"https:\/\/diarioregionaldigital.com.br\/?p=155919"},"modified":"2020-02-27T14:12:19","modified_gmt":"2020-02-27T17:12:19","slug":"ministros-se-reunem-para-discutir-acoes-de-combate-ao-novo-coronavirus","status":"publish","type":"post","link":"https:\/\/diarioregionaldigital.com.br\/?p=155919","title":{"rendered":"Ministros se re\u00fanem para discutir a\u00e7\u00f5es de combate ao novo coronav\u00edrus"},"content":{"rendered":"<p>O governo federal deve lan\u00e7ar, nas pr\u00f3ximas semanas, uma campanha nacional de esclarecimento sobre o novo coronav\u00edrus (Covid-19), informou o ministro da Sa\u00fade, Luiz Henrique Mandetta. Ele e outros oito ministros participaram de uma reuni\u00e3o, no Pal\u00e1cio do Planalto, para tratar das a\u00e7\u00f5es para o enfrentamento \u00e0 s\u00edndrome respirat\u00f3ria, que teve um primeiro caso de infec\u00e7\u00e3o confirmado no Brasil. Foi tamb\u00e9m a primeira reuni\u00e3o interministerial comandada pelo novo ministro-chefe da Casa Civil, Braga Netto.\u00a0 O presidente Jair Bolsonaro, que retornou a Bras\u00edlia nesta quarta-feira, ap\u00f3s tirar uns dias de descanso no carnaval, n\u00e3o participou da reuni\u00e3o.<\/p>\n<p>&nbsp;<\/p>\n<p>&#8220;N\u00f3s vamos ter que fazer uma comunica\u00e7\u00e3o um pouco maior para a popula\u00e7\u00e3o, a gente j\u00e1 tinha esse plano de comunica\u00e7\u00e3o, dependendo se t\u00edvessemos um caso ativo, ent\u00e3o a gente deve come\u00e7ar uma campanha para as pessoas poderem perceber a import\u00e2ncia de lavar as m\u00e3os, de ter higiene, se caso tiver febre, tosse, entrar em contato com o telefone da Ouvidoria, o 136, a p\u00e1gina do Minist\u00e9rio da Sa\u00fade, porque nessa \u00e9poca se produzem muitas <em>fake news<\/em>, para as pessoas terem uma informa\u00e7\u00e3o de qualidade, ali nessa p\u00e1gina tem um plano de conting\u00eancia por estados, por cidades&#8221;, informou Mandetta.<\/p>\n<p>Ele n\u00e3o disse quando a campanha come\u00e7ar\u00e1 a ser veiculada na m\u00eddia, mas destacou que ser\u00e1 semelhante a campanhas anteriores sobre epidemias mundiais, como a da gripe H1N1. &#8220;Esse \u00e9 um plano que a gente j\u00e1 tinha, ele \u00e9 basicamente informativo, para a popula\u00e7\u00e3o ficar tranquila, saber o que pode fazer&#8221;, acrescentou.<\/p>\n<p>Mais cedo, o Minist\u00e9rio da Sa\u00fade confirmou que um homem de 61 anos, morador da cidade de S\u00e3o Paulo, que esteve na regi\u00e3o da Lombardia, no norte da It\u00e1lia, entre os dias 9 e 21 de fevereiro, foi confirmado como primeira pessoa contaminada pelo coronav\u00edrus no pa\u00eds. Por enquanto, disse Mandetta, n\u00e3o h\u00e1 nenhuma mudan\u00e7a nas regras de circula\u00e7\u00e3o em portos e aeroportos do pa\u00eds. &#8220;N\u00e3o tem mudan\u00e7as de conduta, n\u00e3o tem mudan\u00e7a em rela\u00e7\u00e3o ao tr\u00e2nsito de pessoas&#8221;, enfatizou.<\/p>\n<p>O governo informou que todos os estados do pa\u00eds atualizaram e enviaram ao Minist\u00e9rio da Sa\u00fade seus planos de conting\u00eancia, com a\u00e7\u00f5es para enfrentamento \u00e0 doen\u00e7a. O Minist\u00e9rio da Sa\u00fade tamb\u00e9m realizou licita\u00e7\u00e3o para a aquisi\u00e7\u00e3o de Equipamentos de Prote\u00e7\u00e3o Individual (EPI), como m\u00e1scaras, para distribuir a todos os estados do pa\u00eds, ampliando os estoques j\u00e1 dispon\u00edveis. Ainda de acordo com as autoridades, as unidades b\u00e1sicas de sa\u00fade j\u00e1 contam com protocolo atualizado para o devido atendimento \u00e0 infectados e possuem salas especiais para triagem. Casos suspeitos ser\u00e3o encaminhados para hospitais de refer\u00eancia nos estados, que possuem leitos dispon\u00edveis para cuidados intensivos, caso necess\u00e1rio.<\/p>\n<p>Participaram da reuni\u00e3o desta quarta-feira os ministros Braga Netto (Casa Civil), Luiz Henrique Mandetta (Sa\u00fade), Fernando Azevedo e Silva (Defesa), Ernesto Ara\u00fajo (Itamaraty), S\u00e9rgio Moro (Justi\u00e7a), Onyx Lorenzoni (Cidadania), Augusto Heleno (GSI), Tereza Cristina (Agricultura) e Jorge Oliveira (Secretaria Geral). Tamb\u00e9m participaram representantes do Minist\u00e9rio da Economia, do Desenvolvimento Regional, da Pol\u00edcia Federal e da Ag\u00eancia Nacional de Vigil\u00e2ncia Sanit\u00e1ria (Anvisa).<\/p>\n<p>&nbsp;<\/p>\n<p><strong>Fonte:\u00a0<\/strong>Ag\u00eancia Brasil<\/p>\n","protected":false},"excerpt":{"rendered":"<p>O governo federal deve lan\u00e7ar, nas pr\u00f3ximas semanas, uma campanha nacional de esclarecimento sobre o novo coronav\u00edrus (Covid-19), informou o ministro da Sa\u00fade, Luiz Henrique Mandetta. Ele e outros oito ministros participaram de uma reuni\u00e3o, no Pal\u00e1cio do Planalto, para tratar das a\u00e7\u00f5es para o enfrentamento \u00e0 s\u00edndrome respirat\u00f3ria, que teve um primeiro caso de [&hellip;]<\/p>\n","protected":false},"author":96,"featured_media":155920,"comment_status":"closed","ping_status":"closed","sticky":false,"template":"","format":"standard","meta":{"footnotes":""},"categories":[436,440,254,439],"tags":[],"class_list":["post-155919","post","type-post","status-publish","format-standard","has-post-thumbnail","hentry","category-destaque-da-semana","category-destaques-do-dia","category-politica","category-ultima-hora"],"_links":{"self":[{"href":"https:\/\/diarioregionaldigital.com.br\/index.php?rest_route=\/wp\/v2\/posts\/155919","targetHints":{"allow":["GET"]}}],"collection":[{"href":"https:\/\/diarioregionaldigital.com.br\/index.php?rest_route=\/wp\/v2\/posts"}],"about":[{"href":"https:\/\/diarioregionaldigital.com.br\/index.php?rest_route=\/wp\/v2\/types\/post"}],"author":[{"embeddable":true,"href":"https:\/\/diarioregionaldigital.com.br\/index.php?rest_route=\/wp\/v2\/users\/96"}],"replies":[{"embeddable":true,"href":"https:\/\/diarioregionaldigital.com.br\/index.php?rest_route=%2Fwp%2Fv2%2Fcomments&post=155919"}],"version-history":[{"count":0,"href":"https:\/\/diarioregionaldigital.com.br\/index.php?rest_route=\/wp\/v2\/posts\/155919\/revisions"}],"wp:featuredmedia":[{"embeddable":true,"href":"https:\/\/diarioregionaldigital.com.br\/index.php?rest_route=\/wp\/v2\/media\/155920"}],"wp:attachment":[{"href":"https:\/\/diarioregionaldigital.com.br\/index.php?rest_route=%2Fwp%2Fv2%2Fmedia&parent=155919"}],"wp:term":[{"taxonomy":"category","embeddable":true,"href":"https:\/\/diarioregionaldigital.com.br\/index.php?rest_route=%2Fwp%2Fv2%2Fcategories&post=155919"},{"taxonomy":"post_tag","embeddable":true,"href":"https:\/\/diarioregionaldigital.com.br\/index.php?rest_route=%2Fwp%2Fv2%2Ftags&post=155919"}],"curies":[{"name":"wp","href":"https:\/\/api.w.org\/{rel}","templated":true}]}}