{"id":155916,"date":"2020-02-27T14:09:15","date_gmt":"2020-02-27T17:09:15","guid":{"rendered":"https:\/\/diarioregionaldigital.com.br\/?p=155916"},"modified":"2020-02-27T14:09:15","modified_gmt":"2020-02-27T17:09:15","slug":"violencia-politica-contra-as-mulheres-sera-debatida-em-audiencia-publica","status":"publish","type":"post","link":"https:\/\/diarioregionaldigital.com.br\/?p=155916","title":{"rendered":"Viol\u00eancia pol\u00edtica contra as mulheres ser\u00e1 debatida em audi\u00eancia p\u00fablica"},"content":{"rendered":"<p>&nbsp;<\/p>\n<p>A Comiss\u00e3o Permanente Mista de Combate \u00e0 Viol\u00eancia contra a Mulher promove no dia 5 de mar\u00e7o, \u00e0s 10h, uma audi\u00eancia p\u00fablica sobre a viol\u00eancia pol\u00edtica contra as mulheres. O objetivo \u00e9 tra\u00e7ar estrat\u00e9gias de enfrentamento e elabora\u00e7\u00e3o legislativa que visem \u00e0 amplia\u00e7\u00e3o da ocupa\u00e7\u00e3o dos espa\u00e7os de poder e representa\u00e7\u00e3o pelas mulheres na pol\u00edtica. O evento atende ao requerimento da deputada \u00c1urea Carolina (PSol-MG).<\/p>\n<p>Foram convidados para a audi\u00eancia p\u00fablica a professora da Universidade de Bras\u00edlia (UnB) e especialista em teoria pol\u00edtica feminista Fl\u00e1via Biroli; a pesquisadora Jackeline Aparecida Ferreira Romio, doutora em demografia pelo Instituto de Filosofia e Ci\u00eancias Humanas da Unicamp; a professora Marlise Miriam de Matos Almeida, da Universidade Federal de Minas Gerais e coordenadora de N\u00facleo de Estudos e Pesquisas sobre a Mulher (Nepem); e a professora L\u00edgia Fabris, da Escola de Direito da Funda\u00e7\u00e3o Get\u00falio Vargas (FGV), al\u00e9m de representantes da ONU Mulheres e da Articula\u00e7\u00e3o dos Povos Ind\u00edgenas do Brasil (Apib).<\/p>\n<p>A comiss\u00e3o \u00e9 presidida pela senadora Zenaide Maia (Pros-RN). A reuni\u00e3o ser\u00e1 na sala 9 da Ala Senador Alexandre Costa, no Senado, e ter\u00e1 car\u00e1ter interativo, permitindo a participa\u00e7\u00e3o do p\u00fablico com coment\u00e1rios ou perguntas.<\/p>\n<p>&nbsp;<\/p>\n<p><strong>Fonte:\u00a0<\/strong>Ag\u00eancia Senado<\/p>\n","protected":false},"excerpt":{"rendered":"<p>&nbsp; A Comiss\u00e3o Permanente Mista de Combate \u00e0 Viol\u00eancia contra a Mulher promove no dia 5 de mar\u00e7o, \u00e0s 10h, uma audi\u00eancia p\u00fablica sobre a viol\u00eancia pol\u00edtica contra as mulheres. O objetivo \u00e9 tra\u00e7ar estrat\u00e9gias de enfrentamento e elabora\u00e7\u00e3o legislativa que visem \u00e0 amplia\u00e7\u00e3o da ocupa\u00e7\u00e3o dos espa\u00e7os de poder e representa\u00e7\u00e3o pelas mulheres na [&hellip;]<\/p>\n","protected":false},"author":96,"featured_media":155917,"comment_status":"closed","ping_status":"closed","sticky":false,"template":"","format":"standard","meta":{"footnotes":""},"categories":[436,254,439],"tags":[],"class_list":["post-155916","post","type-post","status-publish","format-standard","has-post-thumbnail","hentry","category-destaque-da-semana","category-politica","category-ultima-hora"],"_links":{"self":[{"href":"https:\/\/diarioregionaldigital.com.br\/index.php?rest_route=\/wp\/v2\/posts\/155916","targetHints":{"allow":["GET"]}}],"collection":[{"href":"https:\/\/diarioregionaldigital.com.br\/index.php?rest_route=\/wp\/v2\/posts"}],"about":[{"href":"https:\/\/diarioregionaldigital.com.br\/index.php?rest_route=\/wp\/v2\/types\/post"}],"author":[{"embeddable":true,"href":"https:\/\/diarioregionaldigital.com.br\/index.php?rest_route=\/wp\/v2\/users\/96"}],"replies":[{"embeddable":true,"href":"https:\/\/diarioregionaldigital.com.br\/index.php?rest_route=%2Fwp%2Fv2%2Fcomments&post=155916"}],"version-history":[{"count":0,"href":"https:\/\/diarioregionaldigital.com.br\/index.php?rest_route=\/wp\/v2\/posts\/155916\/revisions"}],"wp:featuredmedia":[{"embeddable":true,"href":"https:\/\/diarioregionaldigital.com.br\/index.php?rest_route=\/wp\/v2\/media\/155917"}],"wp:attachment":[{"href":"https:\/\/diarioregionaldigital.com.br\/index.php?rest_route=%2Fwp%2Fv2%2Fmedia&parent=155916"}],"wp:term":[{"taxonomy":"category","embeddable":true,"href":"https:\/\/diarioregionaldigital.com.br\/index.php?rest_route=%2Fwp%2Fv2%2Fcategories&post=155916"},{"taxonomy":"post_tag","embeddable":true,"href":"https:\/\/diarioregionaldigital.com.br\/index.php?rest_route=%2Fwp%2Fv2%2Ftags&post=155916"}],"curies":[{"name":"wp","href":"https:\/\/api.w.org\/{rel}","templated":true}]}}