{"id":155905,"date":"2020-02-26T16:27:48","date_gmt":"2020-02-26T19:27:48","guid":{"rendered":"https:\/\/diarioregionaldigital.com.br\/?p=155905"},"modified":"2020-02-26T16:27:48","modified_gmt":"2020-02-26T19:27:48","slug":"quatro-individuos-roubam-maleta-com-dinheiro-no-bairro-mariano-procopio","status":"publish","type":"post","link":"https:\/\/diarioregionaldigital.com.br\/?p=155905","title":{"rendered":"Quatro indiv\u00edduos roubam maleta com dinheiro no Bairro Mariano Proc\u00f3pio"},"content":{"rendered":"<p><span style=\"font-weight: 400;\">Um grupo formado por quatro suspeitos, sem idade informada, roubaram uma maleta com dinheiro de um homem de 59 anos, nessa ter\u00e7a-feira (25) no Bairro Mariano Proc\u00f3pio (Regi\u00e3o Central) em Juiz de Fora. Segundo a v\u00edtima, foi subtra\u00eddo entre R$20.000,00 e R$25.000,00.\u00a0<\/span><\/p>\n<p><span style=\"font-weight: 400;\">A v\u00edtima relatou \u00e0 Pol\u00edcia Militar (PM), que se deslocou para a sede da Associa\u00e7\u00e3o dos Subtenentes e Sargentos do Ec\u00e9rcito (ASE), para armazenar um dinheiro arrecadado durante um evento realizado na sede campestre. Ap\u00f3s estacionar o seu carro em frente ao estabelecimento, a v\u00edtima abriu o porta-malas para retirar a maleta, quando foi abordada pelos quatro suspeitos.\u00a0 Um dos autores portava uma arma de fogo, tipo pistola e apontou para o pesco\u00e7o da v\u00edtima e a mesma foi empurrada para dentro do estabelecimento.<\/span><\/p>\n<p><span style=\"font-weight: 400;\">Os indiv\u00edduos fugiram do local com o ve\u00edculo da v\u00edtima, que foi localizado na Rua Benjamin Megiolario, no Bairro Nossa Senhora Aparecida (Regi\u00e3o Central). <\/span><\/p>\n","protected":false},"excerpt":{"rendered":"<p>Um grupo formado por quatro suspeitos, sem idade informada, roubaram uma maleta com dinheiro de um homem de 59 anos, nessa ter\u00e7a-feira (25) no Bairro Mariano Proc\u00f3pio (Regi\u00e3o Central) em Juiz de Fora. Segundo a v\u00edtima, foi subtra\u00eddo entre R$20.000,00 e R$25.000,00.\u00a0 A v\u00edtima relatou \u00e0 Pol\u00edcia Militar (PM), que se deslocou para a sede [&hellip;]<\/p>\n","protected":false},"author":96,"featured_media":97342,"comment_status":"closed","ping_status":"closed","sticky":false,"template":"","format":"standard","meta":{"footnotes":""},"categories":[301,436,440,439],"tags":[],"class_list":["post-155905","post","type-post","status-publish","format-standard","has-post-thumbnail","hentry","category-artigos-policiais","category-destaque-da-semana","category-destaques-do-dia","category-ultima-hora"],"_links":{"self":[{"href":"https:\/\/diarioregionaldigital.com.br\/index.php?rest_route=\/wp\/v2\/posts\/155905","targetHints":{"allow":["GET"]}}],"collection":[{"href":"https:\/\/diarioregionaldigital.com.br\/index.php?rest_route=\/wp\/v2\/posts"}],"about":[{"href":"https:\/\/diarioregionaldigital.com.br\/index.php?rest_route=\/wp\/v2\/types\/post"}],"author":[{"embeddable":true,"href":"https:\/\/diarioregionaldigital.com.br\/index.php?rest_route=\/wp\/v2\/users\/96"}],"replies":[{"embeddable":true,"href":"https:\/\/diarioregionaldigital.com.br\/index.php?rest_route=%2Fwp%2Fv2%2Fcomments&post=155905"}],"version-history":[{"count":0,"href":"https:\/\/diarioregionaldigital.com.br\/index.php?rest_route=\/wp\/v2\/posts\/155905\/revisions"}],"wp:featuredmedia":[{"embeddable":true,"href":"https:\/\/diarioregionaldigital.com.br\/index.php?rest_route=\/wp\/v2\/media\/97342"}],"wp:attachment":[{"href":"https:\/\/diarioregionaldigital.com.br\/index.php?rest_route=%2Fwp%2Fv2%2Fmedia&parent=155905"}],"wp:term":[{"taxonomy":"category","embeddable":true,"href":"https:\/\/diarioregionaldigital.com.br\/index.php?rest_route=%2Fwp%2Fv2%2Fcategories&post=155905"},{"taxonomy":"post_tag","embeddable":true,"href":"https:\/\/diarioregionaldigital.com.br\/index.php?rest_route=%2Fwp%2Fv2%2Ftags&post=155905"}],"curies":[{"name":"wp","href":"https:\/\/api.w.org\/{rel}","templated":true}]}}