{"id":155769,"date":"2020-02-20T16:54:30","date_gmt":"2020-02-20T19:54:30","guid":{"rendered":"https:\/\/diarioregionaldigital.com.br\/?p=155769"},"modified":"2020-02-20T16:56:49","modified_gmt":"2020-02-20T19:56:49","slug":"adolescente-de-17-anos-e-preso-apos-roubar-cinco-vitimas","status":"publish","type":"post","link":"https:\/\/diarioregionaldigital.com.br\/?p=155769","title":{"rendered":"Adolescente de 17 anos \u00e9 preso ap\u00f3s roubar cinco v\u00edtimas"},"content":{"rendered":"<p><span style=\"font-weight: 400;\">Um adolescente de 17 anos foi preso nessa quarta-feira (19), ap\u00f3s roubar um total de cinco v\u00edtimas em sequ\u00eancia, no Bairro Santa Helena (Regi\u00e3o Central) de Juiz de Fora. Uma das v\u00edtimas relatou que estava pr\u00f3xima \u00e0 Pra\u00e7a Menelick de Carvalho, na Rua S\u00e3o Sebasti\u00e3o, quando foi abordada pelo suspeito e o mesmo retirou da cintura uma arma de fogo prateada, semelhante a um rev\u00f3lver e pediu que a v\u00edtima entregasse o celular. Ap\u00f3s o roubo, o suspeito foi perseguido at\u00e9 a Rua Tiradentes, mas sumiu do campo de vis\u00e3o da v\u00edtima.<\/span><\/p>\n<p><span style=\"font-weight: 400;\">A Pol\u00edcia Militar (PM) recebeu a den\u00fancia e realizou abordagem pelo local e encontrou, na Avenida Francisco Bernadino, um indiv\u00edduo com as mesmas caracter\u00edsticas repassadas pela den\u00fancia. Os policiais revistaram o suspeito e n\u00e3o encontraram nada de il\u00edcito.<\/span><\/p>\n<p><span style=\"font-weight: 400;\">A v\u00edtima foi at\u00e9 o local da abordagem e de imediato reconheceu o autor do roubo. Durante o desenrolar da ocorr\u00eancia, o Comandante da 30\u00aa Cia da PM, que estava no policiamento de evento carnavalesco na regi\u00e3o central, informou que teria aportado outras tr\u00eas v\u00edtimas e que as caracter\u00edsticas do autor era semelhante ao abordado. Todas se encaminharam at\u00e9 o local da abordagem e de imediato reconheceram o suspeito e as mesmas relataram que estavam na Pra\u00e7a Menelick de Carvalho, mesmo local em que uma das v\u00edtimas teve celular roubado e que o autor teria fugido pela Rua Tiradentes.<\/span><\/p>\n<p><span style=\"font-weight: 400;\">A PM realizou buscas pelos locais por onde o suspeito teria trafegado e dispensado os celulares e a arma de fogo. At\u00e9 ent\u00e3o nada foi encontrado.<\/span><\/p>\n<p><span style=\"font-weight: 400;\">Uma outra v\u00edtima relatou que foi abordada pelo mesmo suspeito, na Avenida Itamar Franco e passou as mesmas informa\u00e7\u00f5es das outras v\u00edtimas. O autor do crime foi preso e encaminhado para a Delegacia. <\/span><\/p>\n","protected":false},"excerpt":{"rendered":"<p>Um adolescente de 17 anos foi preso nessa quarta-feira (19), ap\u00f3s roubar um total de cinco v\u00edtimas em sequ\u00eancia, no Bairro Santa Helena (Regi\u00e3o Central) de Juiz de Fora. Uma das v\u00edtimas relatou que estava pr\u00f3xima \u00e0 Pra\u00e7a Menelick de Carvalho, na Rua S\u00e3o Sebasti\u00e3o, quando foi abordada pelo suspeito e o mesmo retirou da [&hellip;]<\/p>\n","protected":false},"author":96,"featured_media":97342,"comment_status":"closed","ping_status":"closed","sticky":false,"template":"","format":"standard","meta":{"footnotes":""},"categories":[301,436,440],"tags":[],"class_list":["post-155769","post","type-post","status-publish","format-standard","has-post-thumbnail","hentry","category-artigos-policiais","category-destaque-da-semana","category-destaques-do-dia"],"_links":{"self":[{"href":"https:\/\/diarioregionaldigital.com.br\/index.php?rest_route=\/wp\/v2\/posts\/155769","targetHints":{"allow":["GET"]}}],"collection":[{"href":"https:\/\/diarioregionaldigital.com.br\/index.php?rest_route=\/wp\/v2\/posts"}],"about":[{"href":"https:\/\/diarioregionaldigital.com.br\/index.php?rest_route=\/wp\/v2\/types\/post"}],"author":[{"embeddable":true,"href":"https:\/\/diarioregionaldigital.com.br\/index.php?rest_route=\/wp\/v2\/users\/96"}],"replies":[{"embeddable":true,"href":"https:\/\/diarioregionaldigital.com.br\/index.php?rest_route=%2Fwp%2Fv2%2Fcomments&post=155769"}],"version-history":[{"count":0,"href":"https:\/\/diarioregionaldigital.com.br\/index.php?rest_route=\/wp\/v2\/posts\/155769\/revisions"}],"wp:featuredmedia":[{"embeddable":true,"href":"https:\/\/diarioregionaldigital.com.br\/index.php?rest_route=\/wp\/v2\/media\/97342"}],"wp:attachment":[{"href":"https:\/\/diarioregionaldigital.com.br\/index.php?rest_route=%2Fwp%2Fv2%2Fmedia&parent=155769"}],"wp:term":[{"taxonomy":"category","embeddable":true,"href":"https:\/\/diarioregionaldigital.com.br\/index.php?rest_route=%2Fwp%2Fv2%2Fcategories&post=155769"},{"taxonomy":"post_tag","embeddable":true,"href":"https:\/\/diarioregionaldigital.com.br\/index.php?rest_route=%2Fwp%2Fv2%2Ftags&post=155769"}],"curies":[{"name":"wp","href":"https:\/\/api.w.org\/{rel}","templated":true}]}}