{"id":155433,"date":"2020-02-13T20:02:41","date_gmt":"2020-02-13T22:02:41","guid":{"rendered":"https:\/\/diarioregionaldigital.com.br\/?p=155433"},"modified":"2020-02-13T20:02:41","modified_gmt":"2020-02-13T22:02:41","slug":"corinthians-vence-o-guarani-par-mas-se-despede-da-libertadores","status":"publish","type":"post","link":"https:\/\/diarioregionaldigital.com.br\/?p=155433","title":{"rendered":"Corinthians vence o Guaran\u00ed-PAR, mas se despede da Libertadores"},"content":{"rendered":"<p>Sa\u00edda precoce para o Corinthians na Libertadores 2020. Na noite desta quarta-feira (12), o Tim\u00e3o venceu o Guaran\u00ed-PAR por 2 a 1, na Arena, mas acabou se despedindo da competi\u00e7\u00e3o ainda na fase pr\u00e9via por ter perdido o jogo da ida por 1 a 0.<\/p>\n<p>Precisando da vit\u00f3ria, a equipe comandada por Tiago Nunes partiu para o ataque logo de cara e abriu o placar ainda aos oito minutos do primeiro tempo. De fora da \u00e1rea, Luan chutou de canhota e marcou. O time paraguaio at\u00e9 esbo\u00e7ou uma rea\u00e7\u00e3o, mas o Tim\u00e3o seguiu pressionando e ampliou aos 31. Em boa jogada pela esquerda, Vagner Love cruzou para Boselli completar para o fundo das redes.<\/p>\n<p>Na volta do intervalo, o Guaran\u00ed descontou logo aos sete minutos, com Fernando Fern\u00e1ndez, de falta. Mesmo com o placar a seu favor, o Corinthians ainda precisava de mais um gol para avan\u00e7ar. A equipe brasileira seguiu buscando chances e pressionando. Uma das boas oportunidades foi na cobran\u00e7a de falta de Luan, que viu a bola raspar a rede pelo lado de fora e arrancou gritos de gol na arquibancada. A press\u00e3o durou at\u00e9 o apito final, mas n\u00e3o foi o suficiente para a classifica\u00e7\u00e3o.<\/p>\n<p>Ao deixar o campo, Love lamentou a elimina\u00e7\u00e3o do Corinthians, agradeceu o apoio do torcedor e exaltou o empenho da equipe na partida.<\/p>\n<p>\u2013 Pedir desculpas ao torcedor que veio aqui e nos apoiou do come\u00e7o ao fim. A culpa \u00e9 s\u00f3 nossa, dos jogadores. \u00c9 dif\u00edcil falar, dar uma explica\u00e7\u00e3o. A gente fica muito triste, quer\u00edamos muito estar na Libertadores. Nos cobramos muito, trabalhamos muito para isso acontecer. Mas, infelizmente, hoje n\u00e3o foi o nosso dia. Em momento nenhum deixamos de lutar \u2013 disse o atacante.<\/p>\n<p>&nbsp;<\/p>\n<p><strong>Fonte:\u00a0<\/strong>CBF<\/p>\n","protected":false},"excerpt":{"rendered":"<p>Sa\u00edda precoce para o Corinthians na Libertadores 2020. Na noite desta quarta-feira (12), o Tim\u00e3o venceu o Guaran\u00ed-PAR por 2 a 1, na Arena, mas acabou se despedindo da competi\u00e7\u00e3o ainda na fase pr\u00e9via por ter perdido o jogo da ida por 1 a 0. Precisando da vit\u00f3ria, a equipe comandada por Tiago Nunes partiu [&hellip;]<\/p>\n","protected":false},"author":96,"featured_media":155434,"comment_status":"closed","ping_status":"closed","sticky":false,"template":"","format":"standard","meta":{"footnotes":""},"categories":[436,257,439],"tags":[],"class_list":["post-155433","post","type-post","status-publish","format-standard","has-post-thumbnail","hentry","category-destaque-da-semana","category-esporte","category-ultima-hora"],"_links":{"self":[{"href":"https:\/\/diarioregionaldigital.com.br\/index.php?rest_route=\/wp\/v2\/posts\/155433","targetHints":{"allow":["GET"]}}],"collection":[{"href":"https:\/\/diarioregionaldigital.com.br\/index.php?rest_route=\/wp\/v2\/posts"}],"about":[{"href":"https:\/\/diarioregionaldigital.com.br\/index.php?rest_route=\/wp\/v2\/types\/post"}],"author":[{"embeddable":true,"href":"https:\/\/diarioregionaldigital.com.br\/index.php?rest_route=\/wp\/v2\/users\/96"}],"replies":[{"embeddable":true,"href":"https:\/\/diarioregionaldigital.com.br\/index.php?rest_route=%2Fwp%2Fv2%2Fcomments&post=155433"}],"version-history":[{"count":0,"href":"https:\/\/diarioregionaldigital.com.br\/index.php?rest_route=\/wp\/v2\/posts\/155433\/revisions"}],"wp:featuredmedia":[{"embeddable":true,"href":"https:\/\/diarioregionaldigital.com.br\/index.php?rest_route=\/wp\/v2\/media\/155434"}],"wp:attachment":[{"href":"https:\/\/diarioregionaldigital.com.br\/index.php?rest_route=%2Fwp%2Fv2%2Fmedia&parent=155433"}],"wp:term":[{"taxonomy":"category","embeddable":true,"href":"https:\/\/diarioregionaldigital.com.br\/index.php?rest_route=%2Fwp%2Fv2%2Fcategories&post=155433"},{"taxonomy":"post_tag","embeddable":true,"href":"https:\/\/diarioregionaldigital.com.br\/index.php?rest_route=%2Fwp%2Fv2%2Ftags&post=155433"}],"curies":[{"name":"wp","href":"https:\/\/api.w.org\/{rel}","templated":true}]}}