{"id":155407,"date":"2020-02-14T06:00:04","date_gmt":"2020-02-14T08:00:04","guid":{"rendered":"https:\/\/diarioregionaldigital.com.br\/?p=155407"},"modified":"2020-02-13T19:20:20","modified_gmt":"2020-02-13T21:20:20","slug":"o-bloco-vai-sair","status":"publish","type":"post","link":"https:\/\/diarioregionaldigital.com.br\/?p=155407","title":{"rendered":"O Bloco vai Sair"},"content":{"rendered":"<p style=\"text-align: center;\"><strong>O Bloco vai Sair<\/strong><\/p>\n<p style=\"text-align: center;\">Foli\u00f5es de v\u00e1rias faixas et\u00e1rias liderados pelo diretor do bloco \u00c9 pequeno, mas cresce&#8230; estar\u00e3o em ritmo de concentra\u00e7\u00e3o dia 16 (domingo), no Sport Club Juiz de Fora. Roda a renda da pra\u00e7a de alimenta\u00e7\u00e3o ser\u00e1 em prol do Instituto Bruno. Carlos Castilho promete botar pr\u00e1 quebrar.<\/p>\n<p style=\"text-align: center;\"><strong>Exposi\u00e7\u00e3o<\/strong><\/p>\n<p style=\"text-align: center;\">O professor e psic\u00f3logo Fred Alvim com sua por\u00e7\u00e3o artista pl\u00e1stico, abre exposi\u00e7\u00e3o no s\u00e1bado, 15, ao meio dia com o tema \u201cMatriarcas\u201d, no 2\u00ba piso do Mister Shopping, no Carrue Caf\u00e9s Especiais.<\/p>\n<p style=\"text-align: center;\"><strong>Lan\u00e7amento<\/strong><\/p>\n<p style=\"text-align: center;\">O document\u00e1rio \u201cN\u00e3o cont\u00e9m gl\u00faten\u201d, produzido pela estudante de R\u00e1dio, TV e internet da UFJF, Kethllen Formigon, retrata a vida e a experi\u00eancia de quatro cel\u00edacos. A produ\u00e7\u00e3o realizada em uma disciplina do curso, estreou no \u201cRio sem Gl\u00faten\u201d, no Rio de Janeiro. O evento contou com realizadores e apoiadores no ramo de alimentos sem gl\u00faten aptos para cel\u00edacos. O evento teve a participa\u00e7\u00e3o especial da diretora do Centro Brasileiro de Apoio Nutricional (CBAN), Noadia Lob\u00e3o.<\/p>\n<p style=\"text-align: center;\"><strong>Rei Absoluto<\/strong><\/p>\n<p style=\"text-align: center;\">O jornalista Fernando Luiz Baldioti, ser\u00e1 o tema do Bloco Eu e Voc\u00ea, com homenagem no s\u00e1bado, 15, \u00e0s 13h, durante o festival de chopp no reduto do Vitorino Braga.<\/p>\n<p style=\"text-align: center;\"><strong><span style=\"font-size: 14pt;\">Para Refletir<\/span> <\/strong><\/p>\n<p style=\"text-align: center;\">Para o ver\u00e3o chuvoso de 2020, use seu dedo verde e decore sua casa com vasos usando plantas enraizadas e folhagens inusitadas. Elas d\u00e3o o tom do d\u00e9cor da vez: mais sustent\u00e1vel e sofisticado.<\/p>\n<div id=\"attachment_155409\" style=\"width: 690px\" class=\"wp-caption aligncenter\"><img loading=\"lazy\" decoding=\"async\" aria-describedby=\"caption-attachment-155409\" class=\"wp-image-155409\" src=\"https:\/\/diarioregionaldigital.com.br\/wp-content\/uploads\/fotoa-24-e1581628143994.jpg\" alt=\"\" width=\"680\" height=\"506\" srcset=\"https:\/\/diarioregionaldigital.com.br\/wp-content\/uploads\/fotoa-24-e1581628143994.jpg 1167w, https:\/\/diarioregionaldigital.com.br\/wp-content\/uploads\/fotoa-24-e1581628143994-300x223.jpg 300w, https:\/\/diarioregionaldigital.com.br\/wp-content\/uploads\/fotoa-24-e1581628143994-768x571.jpg 768w, https:\/\/diarioregionaldigital.com.br\/wp-content\/uploads\/fotoa-24-e1581628143994-1024x762.jpg 1024w, https:\/\/diarioregionaldigital.com.br\/wp-content\/uploads\/fotoa-24-e1581628143994-360x268.jpg 360w\" sizes=\"auto, (max-width: 680px) 100vw, 680px\" \/><p id=\"caption-attachment-155409\" class=\"wp-caption-text\">O casal de baluartes da Juventude Imperial Davi Chaves e Luh Chaves (aniversariando) na quadra da verde e branco<\/p><\/div>\n<div id=\"attachment_155408\" style=\"width: 690px\" class=\"wp-caption aligncenter\"><img loading=\"lazy\" decoding=\"async\" aria-describedby=\"caption-attachment-155408\" class=\"wp-image-155408\" src=\"https:\/\/diarioregionaldigital.com.br\/wp-content\/uploads\/Bruno-Schmitz-e1581628093764.jpg\" alt=\"\" width=\"680\" height=\"500\" srcset=\"https:\/\/diarioregionaldigital.com.br\/wp-content\/uploads\/Bruno-Schmitz-e1581628093764.jpg 895w, https:\/\/diarioregionaldigital.com.br\/wp-content\/uploads\/Bruno-Schmitz-e1581628093764-300x221.jpg 300w, https:\/\/diarioregionaldigital.com.br\/wp-content\/uploads\/Bruno-Schmitz-e1581628093764-768x565.jpg 768w, https:\/\/diarioregionaldigital.com.br\/wp-content\/uploads\/Bruno-Schmitz-e1581628093764-360x265.jpg 360w\" sizes=\"auto, (max-width: 680px) 100vw, 680px\" \/><p id=\"caption-attachment-155408\" class=\"wp-caption-text\">Bruno Schmitz e \u00c9rika Salazar no Bloco Nega Maria, no Espa\u00e7o Folia<\/p><\/div>\n<div id=\"attachment_155410\" style=\"width: 690px\" class=\"wp-caption aligncenter\"><img loading=\"lazy\" decoding=\"async\" aria-describedby=\"caption-attachment-155410\" class=\"wp-image-155410\" src=\"https:\/\/diarioregionaldigital.com.br\/wp-content\/uploads\/fotob-26.jpg\" alt=\"\" width=\"680\" height=\"448\" srcset=\"https:\/\/diarioregionaldigital.com.br\/wp-content\/uploads\/fotob-26.jpg 1776w, https:\/\/diarioregionaldigital.com.br\/wp-content\/uploads\/fotob-26-300x198.jpg 300w, https:\/\/diarioregionaldigital.com.br\/wp-content\/uploads\/fotob-26-768x506.jpg 768w, https:\/\/diarioregionaldigital.com.br\/wp-content\/uploads\/fotob-26-1024x675.jpg 1024w, https:\/\/diarioregionaldigital.com.br\/wp-content\/uploads\/fotob-26-1440x950.jpg 1440w, https:\/\/diarioregionaldigital.com.br\/wp-content\/uploads\/fotob-26-360x237.jpg 360w\" sizes=\"auto, (max-width: 680px) 100vw, 680px\" \/><p id=\"caption-attachment-155410\" class=\"wp-caption-text\">No almo\u00e7o do Restaurante Pal\u00e1cio, Marc\u00edlio Gomes, Kaio Juliani e Eduardo Gomes<\/p><\/div>\n<div id=\"attachment_155411\" style=\"width: 690px\" class=\"wp-caption aligncenter\"><img loading=\"lazy\" decoding=\"async\" aria-describedby=\"caption-attachment-155411\" class=\"wp-image-155411\" src=\"https:\/\/diarioregionaldigital.com.br\/wp-content\/uploads\/fotod-24-e1581628210647.jpg\" alt=\"\" width=\"680\" height=\"501\" srcset=\"https:\/\/diarioregionaldigital.com.br\/wp-content\/uploads\/fotod-24-e1581628210647.jpg 1140w, https:\/\/diarioregionaldigital.com.br\/wp-content\/uploads\/fotod-24-e1581628210647-300x221.jpg 300w, https:\/\/diarioregionaldigital.com.br\/wp-content\/uploads\/fotod-24-e1581628210647-768x566.jpg 768w, https:\/\/diarioregionaldigital.com.br\/wp-content\/uploads\/fotod-24-e1581628210647-1024x755.jpg 1024w, https:\/\/diarioregionaldigital.com.br\/wp-content\/uploads\/fotod-24-e1581628210647-360x265.jpg 360w\" sizes=\"auto, (max-width: 680px) 100vw, 680px\" \/><p id=\"caption-attachment-155411\" class=\"wp-caption-text\">Enfeitando hoje esta coluna a estrelinha Lais com sua m\u00e3e a bela Leyse Stambassi<\/p><\/div>\n<div id=\"attachment_155412\" style=\"width: 690px\" class=\"wp-caption aligncenter\"><img loading=\"lazy\" decoding=\"async\" aria-describedby=\"caption-attachment-155412\" class=\"wp-image-155412\" src=\"https:\/\/diarioregionaldigital.com.br\/wp-content\/uploads\/fotoe-21-e1581628246472.jpg\" alt=\"\" width=\"680\" height=\"547\" srcset=\"https:\/\/diarioregionaldigital.com.br\/wp-content\/uploads\/fotoe-21-e1581628246472.jpg 1128w, https:\/\/diarioregionaldigital.com.br\/wp-content\/uploads\/fotoe-21-e1581628246472-300x241.jpg 300w, https:\/\/diarioregionaldigital.com.br\/wp-content\/uploads\/fotoe-21-e1581628246472-768x618.jpg 768w, https:\/\/diarioregionaldigital.com.br\/wp-content\/uploads\/fotoe-21-e1581628246472-1024x823.jpg 1024w, https:\/\/diarioregionaldigital.com.br\/wp-content\/uploads\/fotoe-21-e1581628246472-360x289.jpg 360w\" sizes=\"auto, (max-width: 680px) 100vw, 680px\" \/><p id=\"caption-attachment-155412\" class=\"wp-caption-text\">O maquiador e designer de sobrancelhas Lisandro Reis faz sucesso em Juiz de Fora e regi\u00e3o<\/p><\/div>\n<div id=\"attachment_155413\" style=\"width: 690px\" class=\"wp-caption aligncenter\"><img loading=\"lazy\" decoding=\"async\" aria-describedby=\"caption-attachment-155413\" class=\"wp-image-155413\" src=\"https:\/\/diarioregionaldigital.com.br\/wp-content\/uploads\/fotoaa-14-e1581628516691.jpg\" alt=\"\" width=\"680\" height=\"499\" srcset=\"https:\/\/diarioregionaldigital.com.br\/wp-content\/uploads\/fotoaa-14-e1581628516691.jpg 1405w, https:\/\/diarioregionaldigital.com.br\/wp-content\/uploads\/fotoaa-14-e1581628516691-300x220.jpg 300w, https:\/\/diarioregionaldigital.com.br\/wp-content\/uploads\/fotoaa-14-e1581628516691-768x564.jpg 768w, https:\/\/diarioregionaldigital.com.br\/wp-content\/uploads\/fotoaa-14-e1581628516691-1024x752.jpg 1024w, https:\/\/diarioregionaldigital.com.br\/wp-content\/uploads\/fotoaa-14-e1581628516691-360x264.jpg 360w\" sizes=\"auto, (max-width: 680px) 100vw, 680px\" \/><p id=\"caption-attachment-155413\" class=\"wp-caption-text\">A elegante Maria Rita Gomes da Rocha festeja anivers\u00e1rio no s\u00e1bado, 15, e posou com seus familiares<\/p><\/div>\n<p><img loading=\"lazy\" decoding=\"async\" class=\"aligncenter size-full wp-image-155404\" src=\"https:\/\/diarioregionaldigital.com.br\/wp-content\/uploads\/anuncio22.jpg\" alt=\"\" width=\"3492\" height=\"2789\" srcset=\"https:\/\/diarioregionaldigital.com.br\/wp-content\/uploads\/anuncio22.jpg 3492w, https:\/\/diarioregionaldigital.com.br\/wp-content\/uploads\/anuncio22-300x240.jpg 300w, https:\/\/diarioregionaldigital.com.br\/wp-content\/uploads\/anuncio22-768x613.jpg 768w, https:\/\/diarioregionaldigital.com.br\/wp-content\/uploads\/anuncio22-1024x818.jpg 1024w, https:\/\/diarioregionaldigital.com.br\/wp-content\/uploads\/anuncio22-360x288.jpg 360w\" sizes=\"auto, (max-width: 3492px) 100vw, 3492px\" \/><\/p>\n","protected":false},"excerpt":{"rendered":"<p>O Bloco vai Sair Foli\u00f5es de v\u00e1rias faixas et\u00e1rias liderados pelo diretor do bloco \u00c9 pequeno, mas cresce&#8230; estar\u00e3o em ritmo de concentra\u00e7\u00e3o dia 16 (domingo), no Sport Club Juiz de Fora. Roda a renda da pra\u00e7a de alimenta\u00e7\u00e3o ser\u00e1 em prol do Instituto Bruno. Carlos Castilho promete botar pr\u00e1 quebrar. Exposi\u00e7\u00e3o O professor e [&hellip;]<\/p>\n","protected":false},"author":96,"featured_media":155409,"comment_status":"closed","ping_status":"closed","sticky":false,"template":"","format":"standard","meta":{"footnotes":""},"categories":[264],"tags":[],"class_list":["post-155407","post","type-post","status-publish","format-standard","has-post-thumbnail","hentry","category-eduardo-gomes"],"_links":{"self":[{"href":"https:\/\/diarioregionaldigital.com.br\/index.php?rest_route=\/wp\/v2\/posts\/155407","targetHints":{"allow":["GET"]}}],"collection":[{"href":"https:\/\/diarioregionaldigital.com.br\/index.php?rest_route=\/wp\/v2\/posts"}],"about":[{"href":"https:\/\/diarioregionaldigital.com.br\/index.php?rest_route=\/wp\/v2\/types\/post"}],"author":[{"embeddable":true,"href":"https:\/\/diarioregionaldigital.com.br\/index.php?rest_route=\/wp\/v2\/users\/96"}],"replies":[{"embeddable":true,"href":"https:\/\/diarioregionaldigital.com.br\/index.php?rest_route=%2Fwp%2Fv2%2Fcomments&post=155407"}],"version-history":[{"count":0,"href":"https:\/\/diarioregionaldigital.com.br\/index.php?rest_route=\/wp\/v2\/posts\/155407\/revisions"}],"wp:featuredmedia":[{"embeddable":true,"href":"https:\/\/diarioregionaldigital.com.br\/index.php?rest_route=\/wp\/v2\/media\/155409"}],"wp:attachment":[{"href":"https:\/\/diarioregionaldigital.com.br\/index.php?rest_route=%2Fwp%2Fv2%2Fmedia&parent=155407"}],"wp:term":[{"taxonomy":"category","embeddable":true,"href":"https:\/\/diarioregionaldigital.com.br\/index.php?rest_route=%2Fwp%2Fv2%2Fcategories&post=155407"},{"taxonomy":"post_tag","embeddable":true,"href":"https:\/\/diarioregionaldigital.com.br\/index.php?rest_route=%2Fwp%2Fv2%2Ftags&post=155407"}],"curies":[{"name":"wp","href":"https:\/\/api.w.org\/{rel}","templated":true}]}}