{"id":155249,"date":"2020-02-11T16:40:11","date_gmt":"2020-02-11T18:40:11","guid":{"rendered":"https:\/\/diarioregionaldigital.com.br\/?p=155249"},"modified":"2020-02-11T16:40:11","modified_gmt":"2020-02-11T18:40:11","slug":"ufjf-realiza-obras-no-anel-viario-na-proxima-semana","status":"publish","type":"post","link":"https:\/\/diarioregionaldigital.com.br\/?p=155249","title":{"rendered":"UFJF realiza obras no anel vi\u00e1rio na pr\u00f3xima semana"},"content":{"rendered":"<p>A Universidade Federal de Juiz de Fora (UFJF), realizar\u00e1 na pr\u00f3xima semana, obras de recapeamento do anel vi\u00e1rio que passa pelo campus sede. A interven\u00e7\u00e3o est\u00e1 prevista para iniciar na pr\u00f3xima segunda-feira (17) e o valor estimado para as obras \u00e9 de R$ 2.600.270,68. Todo o trabalho ser\u00e1 feito pela Empresa de Pavimenta\u00e7\u00e3o e Urbaniza\u00e7\u00e3o (Empav) da Prefeitura de Juiz de Fora (PJF) e com os recursos da UFJF.<\/p>\n<p>Como o contrato com a Empav aponta a UFJF como empresa p\u00fablica e pela medi\u00e7\u00e3o ser cobrada por meio de pre\u00e7o unit\u00e1rio, significa que o valor estimado para a interven\u00e7\u00e3o pode ser abaixo do esperado.<\/p>\n<p>A previs\u00e3o \u00e9 de que a obra dure de 45 a 90 dias, dependendo do clima, do n\u00edvel de umidade e da quantidade de chuvas no per\u00edodo. O trecho total a ser recuperado tem cerca de 3 quil\u00f4metros, incluindo todo o anel vi\u00e1rio e os p\u00f3rticos de entrada para o campus.<\/p>\n<p>Segundo a pr\u00f3-reitora adjunta de infraestrutura, Janezete Marques, a obra ser\u00e1 realizada no hor\u00e1rio comercial, entre 8h e 18h00, e ser\u00e1 v\u00e1lida tamb\u00e9m para os dias do Carnaval, \u201cEm reuni\u00e3o entre representantes da UFJF, do setor de Vigil\u00e2ncia, da Empav e da Secretaria de Transporte e Tr\u00e2nsito foi realizada uma log\u00edstica para que n\u00e3o ocorra nenhuma intercorr\u00eancia. A obra come\u00e7a pr\u00f3xima ao p\u00f3rtico sul, na regi\u00e3o acima do posto avan\u00e7ado do Corpo de Bombeiros no campus, e vem at\u00e9 a Pr\u00f3-reitoria e Infraestrutura. No Carnaval vamos fazer os dois p\u00f3rticos de entrada e, depois, terminar o anel vi\u00e1rio, se n\u00e3o houver chuvas. Inclusive, n\u00e3o \u00e9 aconselh\u00e1vel transitar pelo campus durante as festividades carnavalescas\u201d explica.<\/p>\n<p>Quanto \u00e0 circula\u00e7\u00e3o dos motoristas pelo local, Janezete diz que durante o per\u00edodo de obras, o tr\u00e2nsito permanecer\u00e1 seguindo a linha da m\u00e3o \u00fanica, por\u00e9m em meia pista para n\u00e3o prejudicar o fluxo de ve\u00edculos \u201cOs vigilantes estar\u00e3o encarregados de cuidar de todo esse movimento. Al\u00e9m disso, todas as mudan\u00e7as ser\u00e3o avisadas para que a comunidade fique informada. Caso chova, infelizmente, a manuten\u00e7\u00e3o n\u00e3o ser\u00e1 terminada no tempo previsto e avan\u00e7ar\u00e1 at\u00e9 o come\u00e7o do per\u00edodo letivo.\u201d<\/p>\n","protected":false},"excerpt":{"rendered":"<p>A Universidade Federal de Juiz de Fora (UFJF), realizar\u00e1 na pr\u00f3xima semana, obras de recapeamento do anel vi\u00e1rio que passa pelo campus sede. A interven\u00e7\u00e3o est\u00e1 prevista para iniciar na pr\u00f3xima segunda-feira (17) e o valor estimado para as obras \u00e9 de R$ 2.600.270,68. Todo o trabalho ser\u00e1 feito pela Empresa de Pavimenta\u00e7\u00e3o e Urbaniza\u00e7\u00e3o [&hellip;]<\/p>\n","protected":false},"author":96,"featured_media":155250,"comment_status":"closed","ping_status":"closed","sticky":false,"template":"","format":"standard","meta":{"footnotes":""},"categories":[253,436,440,439],"tags":[],"class_list":["post-155249","post","type-post","status-publish","format-standard","has-post-thumbnail","hentry","category-cidade","category-destaque-da-semana","category-destaques-do-dia","category-ultima-hora"],"_links":{"self":[{"href":"https:\/\/diarioregionaldigital.com.br\/index.php?rest_route=\/wp\/v2\/posts\/155249","targetHints":{"allow":["GET"]}}],"collection":[{"href":"https:\/\/diarioregionaldigital.com.br\/index.php?rest_route=\/wp\/v2\/posts"}],"about":[{"href":"https:\/\/diarioregionaldigital.com.br\/index.php?rest_route=\/wp\/v2\/types\/post"}],"author":[{"embeddable":true,"href":"https:\/\/diarioregionaldigital.com.br\/index.php?rest_route=\/wp\/v2\/users\/96"}],"replies":[{"embeddable":true,"href":"https:\/\/diarioregionaldigital.com.br\/index.php?rest_route=%2Fwp%2Fv2%2Fcomments&post=155249"}],"version-history":[{"count":0,"href":"https:\/\/diarioregionaldigital.com.br\/index.php?rest_route=\/wp\/v2\/posts\/155249\/revisions"}],"wp:featuredmedia":[{"embeddable":true,"href":"https:\/\/diarioregionaldigital.com.br\/index.php?rest_route=\/wp\/v2\/media\/155250"}],"wp:attachment":[{"href":"https:\/\/diarioregionaldigital.com.br\/index.php?rest_route=%2Fwp%2Fv2%2Fmedia&parent=155249"}],"wp:term":[{"taxonomy":"category","embeddable":true,"href":"https:\/\/diarioregionaldigital.com.br\/index.php?rest_route=%2Fwp%2Fv2%2Fcategories&post=155249"},{"taxonomy":"post_tag","embeddable":true,"href":"https:\/\/diarioregionaldigital.com.br\/index.php?rest_route=%2Fwp%2Fv2%2Ftags&post=155249"}],"curies":[{"name":"wp","href":"https:\/\/api.w.org\/{rel}","templated":true}]}}