{"id":155188,"date":"2020-02-10T17:17:06","date_gmt":"2020-02-10T19:17:06","guid":{"rendered":"https:\/\/diarioregionaldigital.com.br\/?p=155188"},"modified":"2020-02-10T17:17:06","modified_gmt":"2020-02-10T19:17:06","slug":"copa-juiz-de-fora-de-futebol-amador-sel-divulga-o-boletim-do-final-de-semana","status":"publish","type":"post","link":"https:\/\/diarioregionaldigital.com.br\/?p=155188","title":{"rendered":"\u201cCopa Juiz de Fora de Futebol Amador\u201d &#8211; SEL divulga o boletim do final de semana"},"content":{"rendered":"<p><span style=\"font-weight: 400;\">Na primeira rodada da &#8220;Copa Juiz de Fora de Futebol Amador&#8221;, os campos das comiss\u00f5es de Administra\u00e7\u00e3o de Espa\u00e7o Municipal (Caems) Cer\u00e2mica, Linhares, Milho Branco, Progresso e S\u00e3o Benedito foram palco de 22 partidas, que somaram 59 gols. Abaixo, os destaques da rodada.\u00a0<\/span><\/p>\n<p>&nbsp;<\/p>\n<p><b>Local:<\/b><span style=\"font-weight: 400;\"> Caem Cer\u00e2mica<\/span><\/p>\n<p><span style=\"font-weight: 400;\">&#8211; Categoria: Veterana<\/span><\/p>\n<p><span style=\"font-weight: 400;\">&#8211; Destaque: Schalke 07 5&#215;1 Ase<\/span><\/p>\n<p>&nbsp;<\/p>\n<p><b>Local:<\/b><span style=\"font-weight: 400;\"> Caem Linhares<\/span><\/p>\n<p><span style=\"font-weight: 400;\">&#8211; Categoria: Master<\/span><\/p>\n<p><span style=\"font-weight: 400;\">&#8211; Destaque: E. C. Mundo Novo 0x3 Rezato\/Botafoguinho<\/span><\/p>\n<p>&nbsp;<\/p>\n<p><b>Local:<\/b><span style=\"font-weight: 400;\"> Caem Milho Branco<\/span><\/p>\n<p><span style=\"font-weight: 400;\">&#8211; Categoria: Veterana<\/span><\/p>\n<p><span style=\"font-weight: 400;\">&#8211; Destaque: Os Indom\u00e1veis 0x5 Unidos da Serra E. C.<\/span><\/p>\n<p>&nbsp;<\/p>\n<p><b>Local:<\/b><span style=\"font-weight: 400;\"> Caem Progresso<\/span><\/p>\n<p><span style=\"font-weight: 400;\">&#8211; Categoria: Supermaster<\/span><\/p>\n<p><span style=\"font-weight: 400;\">&#8211; Destaque: Botafoguinho F. C. &#8211; Graja\u00fa 3&#215;1 Santa Cruz E. C.<\/span><\/p>\n<p>&nbsp;<\/p>\n<p><b>Local:<\/b><span style=\"font-weight: 400;\"> Caem S\u00e3o Benedito<\/span><\/p>\n<p><span style=\"font-weight: 400;\">&#8211; Categoria: S\u00eanior<\/span><\/p>\n<p><span style=\"font-weight: 400;\">&#8211; Destaque: Amigos do Lamparina 0x4 Clube de Regatas Fam\u00edlias<\/span><\/p>\n<p>&nbsp;<\/p>\n<p><b>\u201cCopa Juiz de Fora de Futebol Amador\u201d<\/b><\/p>\n<p>&nbsp;<\/p>\n<p><span style=\"font-weight: 400;\">A disputa, promovida pela SEL, atrav\u00e9s do Departamento de Fomento \u00e0s Pol\u00edticas de Esporte e Lazer. \u00e9 realizada nas categorias adulto, veterano, master, supermaster, s\u00eanior e feminino, com objetivo de incentivar educacionalmente a pr\u00e1tica do futebol e promover o interc\u00e2mbio desportivo e social. A Liga de Futebol auxilia na arbitragem. A Copa acontece entre fevereiro e junho, nos campos das Comiss\u00f5es de Administra\u00e7\u00e3o de Espa\u00e7o Municipal (Caems) Cer\u00e2mica, Lacet, Linhares, Polivalente, Progresso, S\u00e3o Benedito e Milho Branco. A expectativa \u00e9 que cem equipes participem desta edi\u00e7\u00e3o da competi\u00e7\u00e3o.<\/span><\/p>\n<p>&nbsp;<\/p>\n<p><strong>Fonte:<\/strong>\u00a0Assessoria<\/p>\n","protected":false},"excerpt":{"rendered":"<p>Na primeira rodada da &#8220;Copa Juiz de Fora de Futebol Amador&#8221;, os campos das comiss\u00f5es de Administra\u00e7\u00e3o de Espa\u00e7o Municipal (Caems) Cer\u00e2mica, Linhares, Milho Branco, Progresso e S\u00e3o Benedito foram palco de 22 partidas, que somaram 59 gols. Abaixo, os destaques da rodada.\u00a0 &nbsp; Local: Caem Cer\u00e2mica &#8211; Categoria: Veterana &#8211; Destaque: Schalke 07 5&#215;1 [&hellip;]<\/p>\n","protected":false},"author":96,"featured_media":155189,"comment_status":"closed","ping_status":"closed","sticky":false,"template":"","format":"standard","meta":{"footnotes":""},"categories":[436,257,439],"tags":[],"class_list":["post-155188","post","type-post","status-publish","format-standard","has-post-thumbnail","hentry","category-destaque-da-semana","category-esporte","category-ultima-hora"],"_links":{"self":[{"href":"https:\/\/diarioregionaldigital.com.br\/index.php?rest_route=\/wp\/v2\/posts\/155188","targetHints":{"allow":["GET"]}}],"collection":[{"href":"https:\/\/diarioregionaldigital.com.br\/index.php?rest_route=\/wp\/v2\/posts"}],"about":[{"href":"https:\/\/diarioregionaldigital.com.br\/index.php?rest_route=\/wp\/v2\/types\/post"}],"author":[{"embeddable":true,"href":"https:\/\/diarioregionaldigital.com.br\/index.php?rest_route=\/wp\/v2\/users\/96"}],"replies":[{"embeddable":true,"href":"https:\/\/diarioregionaldigital.com.br\/index.php?rest_route=%2Fwp%2Fv2%2Fcomments&post=155188"}],"version-history":[{"count":0,"href":"https:\/\/diarioregionaldigital.com.br\/index.php?rest_route=\/wp\/v2\/posts\/155188\/revisions"}],"wp:featuredmedia":[{"embeddable":true,"href":"https:\/\/diarioregionaldigital.com.br\/index.php?rest_route=\/wp\/v2\/media\/155189"}],"wp:attachment":[{"href":"https:\/\/diarioregionaldigital.com.br\/index.php?rest_route=%2Fwp%2Fv2%2Fmedia&parent=155188"}],"wp:term":[{"taxonomy":"category","embeddable":true,"href":"https:\/\/diarioregionaldigital.com.br\/index.php?rest_route=%2Fwp%2Fv2%2Fcategories&post=155188"},{"taxonomy":"post_tag","embeddable":true,"href":"https:\/\/diarioregionaldigital.com.br\/index.php?rest_route=%2Fwp%2Fv2%2Ftags&post=155188"}],"curies":[{"name":"wp","href":"https:\/\/api.w.org\/{rel}","templated":true}]}}