{"id":155182,"date":"2020-02-10T16:42:39","date_gmt":"2020-02-10T18:42:39","guid":{"rendered":"https:\/\/diarioregionaldigital.com.br\/?p=155182"},"modified":"2020-02-10T16:42:39","modified_gmt":"2020-02-10T18:42:39","slug":"brasil-vence-argentina-e-se-classifica-para-as-olimpiadas","status":"publish","type":"post","link":"https:\/\/diarioregionaldigital.com.br\/?p=155182","title":{"rendered":"Brasil vence Argentina e se classifica para as Olimp\u00edadas"},"content":{"rendered":"<p><span style=\"font-weight: 400;\">Em jogo v\u00e1lido pela \u00faltima rodada do hexagonal final do Pr\u00e9-Ol\u00edmpico na Col\u00f4mbia e com vaga para T\u00f3quio em disputa, a Sele\u00e7\u00e3o Brasileira derrotou a Argentina pelo placar de 3&#215;0 e est\u00e1 com passaporte carimbado para disputar as Olimp\u00edadas. Com a vit\u00f3ria, Brasil e Argentina se juntam ao <\/span><span style=\"font-weight: 400;\">Jap\u00e3o (anfitri\u00e3o), Fran\u00e7a, Alemanha, Espanha, Rom\u00eania (representando a Europa), Nova Zel\u00e2ndia (da Oceania), Egito, Costa do Marfim e \u00c1frica do Sul (representando a \u00c1frica), Ar\u00e1bia Saudita, Coreia do Sul e Austr\u00e1lia (representando a \u00c1sia). Faltam apenas duas vagas para completar os 16 pa\u00edses participantes, que ser\u00e3o conhecidos ap\u00f3s o Pr\u00e9-Ol\u00edmpico da Confedera\u00e7\u00e3o de Futebol da Am\u00e9rica do Norte, Central e Caribe (Concacaf), no fim de mar\u00e7o.<\/span><\/p>\n<p><span style=\"font-weight: 400;\">Logo no in\u00edcio da partida, os argentinos tiveram a primeira chance de perigo no jogo com Mc Allister cobrando falta com perigo. Mas o Brasil se lan\u00e7ou ao ataque e abriu o placar aos 12 minutos com Paulinho chutando no canto direito do goleiro Cambeses, 1&#215;0 Brasil.<\/span><\/p>\n<p><span style=\"font-weight: 400;\">Mesmo com vantagem no placar a sele\u00e7\u00e3o brasileira seguiu em busca de mais um gol e conseguiu aos 28 com Matheus Cunha aproveitando um erro no rec\u00fao de P\u00e9rez. O jogador brasileiro encobriu o goleiro mas P\u00e9rez salvou em cima da linha, no entanto Matheus aproveitou a sobra e ampliou no marcador, 2&#215;0 Brasil.<\/span><\/p>\n<p><span style=\"font-weight: 400;\">Na volta para o segundo tempo, a Argentina ensaiou uma rea\u00e7\u00e3o mas aos 9 minutos, Guga cobrou lateral e achou Matheus Cunha que bateu cruzado para o gol, 3&#215;0 Brasil. Com vantagem no placar a Sele\u00e7\u00e3o Ol\u00edmpica teve novas chances de ampliar o placar mas soube administrar at\u00e9 o fim, Brasil classificado para as Olimp\u00edadas de T\u00f3quio.<\/span><\/p>\n","protected":false},"excerpt":{"rendered":"<p>Em jogo v\u00e1lido pela \u00faltima rodada do hexagonal final do Pr\u00e9-Ol\u00edmpico na Col\u00f4mbia e com vaga para T\u00f3quio em disputa, a Sele\u00e7\u00e3o Brasileira derrotou a Argentina pelo placar de 3&#215;0 e est\u00e1 com passaporte carimbado para disputar as Olimp\u00edadas. Com a vit\u00f3ria, Brasil e Argentina se juntam ao Jap\u00e3o (anfitri\u00e3o), Fran\u00e7a, Alemanha, Espanha, Rom\u00eania (representando [&hellip;]<\/p>\n","protected":false},"author":96,"featured_media":155183,"comment_status":"closed","ping_status":"closed","sticky":false,"template":"","format":"standard","meta":{"footnotes":""},"categories":[436,257,439],"tags":[],"class_list":["post-155182","post","type-post","status-publish","format-standard","has-post-thumbnail","hentry","category-destaque-da-semana","category-esporte","category-ultima-hora"],"_links":{"self":[{"href":"https:\/\/diarioregionaldigital.com.br\/index.php?rest_route=\/wp\/v2\/posts\/155182","targetHints":{"allow":["GET"]}}],"collection":[{"href":"https:\/\/diarioregionaldigital.com.br\/index.php?rest_route=\/wp\/v2\/posts"}],"about":[{"href":"https:\/\/diarioregionaldigital.com.br\/index.php?rest_route=\/wp\/v2\/types\/post"}],"author":[{"embeddable":true,"href":"https:\/\/diarioregionaldigital.com.br\/index.php?rest_route=\/wp\/v2\/users\/96"}],"replies":[{"embeddable":true,"href":"https:\/\/diarioregionaldigital.com.br\/index.php?rest_route=%2Fwp%2Fv2%2Fcomments&post=155182"}],"version-history":[{"count":0,"href":"https:\/\/diarioregionaldigital.com.br\/index.php?rest_route=\/wp\/v2\/posts\/155182\/revisions"}],"wp:featuredmedia":[{"embeddable":true,"href":"https:\/\/diarioregionaldigital.com.br\/index.php?rest_route=\/wp\/v2\/media\/155183"}],"wp:attachment":[{"href":"https:\/\/diarioregionaldigital.com.br\/index.php?rest_route=%2Fwp%2Fv2%2Fmedia&parent=155182"}],"wp:term":[{"taxonomy":"category","embeddable":true,"href":"https:\/\/diarioregionaldigital.com.br\/index.php?rest_route=%2Fwp%2Fv2%2Fcategories&post=155182"},{"taxonomy":"post_tag","embeddable":true,"href":"https:\/\/diarioregionaldigital.com.br\/index.php?rest_route=%2Fwp%2Fv2%2Ftags&post=155182"}],"curies":[{"name":"wp","href":"https:\/\/api.w.org\/{rel}","templated":true}]}}