{"id":155179,"date":"2020-02-10T16:20:24","date_gmt":"2020-02-10T18:20:24","guid":{"rendered":"https:\/\/diarioregionaldigital.com.br\/?p=155179"},"modified":"2020-02-10T16:20:24","modified_gmt":"2020-02-10T18:20:24","slug":"nove-animais-do-canil-municipal-sao-adotados-em-evento-com-tema-carnavalesco","status":"publish","type":"post","link":"https:\/\/diarioregionaldigital.com.br\/?p=155179","title":{"rendered":"Nove animais do Canil Municipal s\u00e3o adotados em evento com tema carnavalesco"},"content":{"rendered":"<p><span style=\"font-weight: 400;\">O Canil do Departamento Municipal de Limpeza Urbana (Demlurb) da Prefeitura de Juiz de Fora (PJF) realizou, nesse s\u00e1bado (8), evento de ado\u00e7\u00e3o carnavalesco, na Quadra da Escola de Samba \u201cReal Grandeza\u201d, na Avenida Brasil. Quem foi ao evento, presenciou as fofuras com fantasias de diversos personagens, confeccionadas por F\u00e1bio Esteves e Adrilene Gavioli. Tinha astronauta, pirata, palhacinho, rei, bruxinha, unic\u00f3rnio, mulher maravilha e muitos outros, \u00e0 espera de uma fam\u00edlia respons\u00e1vel e amorosa. Segundo o Departamento de Controle Animal (Dcan), nove animais conseguiram uma nova chance.<\/span><\/p>\n<p><span style=\"font-weight: 400;\">Para o Dartagnan Abdias, que adotou um dos animais, &#8220;a ado\u00e7\u00e3o \u00e9 importante porque valoriza a vida do animal que j\u00e1 est\u00e1 \u00e0 espera de um lar. \u00c9 lindo ver o quanto eles s\u00e3o puros, porque muitos deles foram abandonados pelos antigos donos, e, mesmo assim, t\u00eam todo o amor do mundo para oferecer&#8221;.<\/span><\/p>\n<p><span style=\"font-weight: 400;\">Volunt\u00e1rio do evento, F\u00e1bio Levindo Benini relata que o voluntariado agrega muito em sua vida: &#8220;Eu acho importante, porque o animal n\u00e3o tem sentimentos ruins. A gente ganha muito mais do que a gente d\u00e1 e muito mais que riqueza material, adquirimos valores que nos servir\u00e3o para toda a vida&#8221;. A tamb\u00e9m volunt\u00e1ria J\u00falia Gouvea Neto refor\u00e7: \u201cAmo animais, ent\u00e3o \u00e9 de extrema import\u00e2ncia para mim contribuir com a ado\u00e7\u00e3o desses bichinhos abandonados\u201d.<\/span><\/p>\n<p><span style=\"font-weight: 400;\">Adotante do gatinho Ian, Fl\u00e1via Halfeld diz: &#8220;Eu tenho paix\u00e3o por gatinhos e estou adotando esse porque o achei lindo e tamb\u00e9m para fazer companhia para o outro que eu tenho. Se tivesse mais espa\u00e7o, com certeza adotaria outros&#8221;.<\/span><\/p>\n<p><span style=\"font-weight: 400;\">Quem n\u00e3o foi ao evento, mas deseja adotar um amigo, pode entrar em contato com o \u201cDisque-ado\u00e7\u00e3o\u201d, pelo telefone 3225-9933, ou fazer uma visita ao Canil Municipal, aberto de segunda a sexta-feira, das 9 horas \u00e0s 10h30 e das 12 \u00e0s 16 horas. O endere\u00e7o \u00e9 Rua Bartolomeu dos Santos, Bairro S\u00e3o Dami\u00e3o. Acompanhe o trabalho pela p\u00e1gina do facebook e o perfil do instagram (@canilmunicipaljuizdefora).<\/span><\/p>\n<p>&nbsp;<\/p>\n<p><strong>Fonte:<\/strong>\u00a0Assessoria<\/p>\n","protected":false},"excerpt":{"rendered":"<p>O Canil do Departamento Municipal de Limpeza Urbana (Demlurb) da Prefeitura de Juiz de Fora (PJF) realizou, nesse s\u00e1bado (8), evento de ado\u00e7\u00e3o carnavalesco, na Quadra da Escola de Samba \u201cReal Grandeza\u201d, na Avenida Brasil. Quem foi ao evento, presenciou as fofuras com fantasias de diversos personagens, confeccionadas por F\u00e1bio Esteves e Adrilene Gavioli. Tinha [&hellip;]<\/p>\n","protected":false},"author":96,"featured_media":155180,"comment_status":"closed","ping_status":"closed","sticky":false,"template":"","format":"standard","meta":{"footnotes":""},"categories":[253,436,439],"tags":[],"class_list":["post-155179","post","type-post","status-publish","format-standard","has-post-thumbnail","hentry","category-cidade","category-destaque-da-semana","category-ultima-hora"],"_links":{"self":[{"href":"https:\/\/diarioregionaldigital.com.br\/index.php?rest_route=\/wp\/v2\/posts\/155179","targetHints":{"allow":["GET"]}}],"collection":[{"href":"https:\/\/diarioregionaldigital.com.br\/index.php?rest_route=\/wp\/v2\/posts"}],"about":[{"href":"https:\/\/diarioregionaldigital.com.br\/index.php?rest_route=\/wp\/v2\/types\/post"}],"author":[{"embeddable":true,"href":"https:\/\/diarioregionaldigital.com.br\/index.php?rest_route=\/wp\/v2\/users\/96"}],"replies":[{"embeddable":true,"href":"https:\/\/diarioregionaldigital.com.br\/index.php?rest_route=%2Fwp%2Fv2%2Fcomments&post=155179"}],"version-history":[{"count":0,"href":"https:\/\/diarioregionaldigital.com.br\/index.php?rest_route=\/wp\/v2\/posts\/155179\/revisions"}],"wp:featuredmedia":[{"embeddable":true,"href":"https:\/\/diarioregionaldigital.com.br\/index.php?rest_route=\/wp\/v2\/media\/155180"}],"wp:attachment":[{"href":"https:\/\/diarioregionaldigital.com.br\/index.php?rest_route=%2Fwp%2Fv2%2Fmedia&parent=155179"}],"wp:term":[{"taxonomy":"category","embeddable":true,"href":"https:\/\/diarioregionaldigital.com.br\/index.php?rest_route=%2Fwp%2Fv2%2Fcategories&post=155179"},{"taxonomy":"post_tag","embeddable":true,"href":"https:\/\/diarioregionaldigital.com.br\/index.php?rest_route=%2Fwp%2Fv2%2Ftags&post=155179"}],"curies":[{"name":"wp","href":"https:\/\/api.w.org\/{rel}","templated":true}]}}