{"id":155173,"date":"2020-02-10T15:45:09","date_gmt":"2020-02-10T17:45:09","guid":{"rendered":"https:\/\/diarioregionaldigital.com.br\/?p=155173"},"modified":"2020-02-10T15:45:09","modified_gmt":"2020-02-10T17:45:09","slug":"homem-de-27-anos-e-preso-por-porte-ilegal-de-arma-de-fogo","status":"publish","type":"post","link":"https:\/\/diarioregionaldigital.com.br\/?p=155173","title":{"rendered":"Homem de 27 anos \u00e9 preso por porte ilegal de arma de fogo"},"content":{"rendered":"<p><span style=\"font-weight: 400;\">A Pol\u00edcia Militar (PM), prendeu nesse domingo (9), um homem de 27 anos por posse de arma de fogo no Centro de Juiz de Fora. Segundo informa\u00e7\u00f5es, antes da abordagem, os policiais realizavam um patrulhamento em um bloco carnavalesco na Pra\u00e7a Ant\u00f4nio Carlos e ali no local havia uma tenda com m\u00fasicas de funk e pagode.\u00a0<\/span><\/p>\n<p><span style=\"font-weight: 400;\">Durante a sa\u00edda das pessoas na referida tenda, a PM avistou dois suspeitos, de 25 e 27 anos respectivamente, conhecidos no meio policial por tr\u00e1fico de drogas, porte ilegal de arma de fogo e homic\u00eddio. Na primeira abordagem, nada foi encontrado com um dos suspeitos, mas como um deles apresentava nervosismo e pelo fato de estar com posse de chave de moto e sem capacete, os policiais suspeitaram do comportamento dele.<\/span><\/p>\n<p><span style=\"font-weight: 400;\">Ambos foram liberados, no entanto a PM realizou uma segunda abordagem e se posicionaram em pontos estrat\u00e9gicos. Neste momento avistaram os suspeitos indo em dire\u00e7\u00e3o a um autom\u00f3vel, de propriedade do autor de 25 anos.\u00a0<\/span><\/p>\n<p><span style=\"font-weight: 400;\">Ao avistarem a presen\u00e7a policial, um dos suspeitos jogou a chave do ve\u00edculo em uma via p\u00fablica, mas foi preso pela PM e o outro autor subiu em uma moto sem capacete e fugiu do local. Os policiais realizaram buscas pelo autom\u00f3vel e encontraram um rev\u00f3lver calibre .38, com cinco muni\u00e7\u00f5es intactas e R$ 73,00 em dinheiro, um capacete que seria de um dos suspeitos e um telefone celular.<\/span><\/p>\n<p><span style=\"font-weight: 400;\">O suspeito de 27 anos foi encaminhado com todos os materiais apreendidos para a Delegacia, onde ser\u00e3o tomadas as devidas provid\u00eancias.<\/span><\/p>\n","protected":false},"excerpt":{"rendered":"<p>A Pol\u00edcia Militar (PM), prendeu nesse domingo (9), um homem de 27 anos por posse de arma de fogo no Centro de Juiz de Fora. Segundo informa\u00e7\u00f5es, antes da abordagem, os policiais realizavam um patrulhamento em um bloco carnavalesco na Pra\u00e7a Ant\u00f4nio Carlos e ali no local havia uma tenda com m\u00fasicas de funk e [&hellip;]<\/p>\n","protected":false},"author":96,"featured_media":155174,"comment_status":"closed","ping_status":"closed","sticky":false,"template":"","format":"standard","meta":{"footnotes":""},"categories":[301,436,440,439],"tags":[],"class_list":["post-155173","post","type-post","status-publish","format-standard","has-post-thumbnail","hentry","category-artigos-policiais","category-destaque-da-semana","category-destaques-do-dia","category-ultima-hora"],"_links":{"self":[{"href":"https:\/\/diarioregionaldigital.com.br\/index.php?rest_route=\/wp\/v2\/posts\/155173","targetHints":{"allow":["GET"]}}],"collection":[{"href":"https:\/\/diarioregionaldigital.com.br\/index.php?rest_route=\/wp\/v2\/posts"}],"about":[{"href":"https:\/\/diarioregionaldigital.com.br\/index.php?rest_route=\/wp\/v2\/types\/post"}],"author":[{"embeddable":true,"href":"https:\/\/diarioregionaldigital.com.br\/index.php?rest_route=\/wp\/v2\/users\/96"}],"replies":[{"embeddable":true,"href":"https:\/\/diarioregionaldigital.com.br\/index.php?rest_route=%2Fwp%2Fv2%2Fcomments&post=155173"}],"version-history":[{"count":0,"href":"https:\/\/diarioregionaldigital.com.br\/index.php?rest_route=\/wp\/v2\/posts\/155173\/revisions"}],"wp:featuredmedia":[{"embeddable":true,"href":"https:\/\/diarioregionaldigital.com.br\/index.php?rest_route=\/wp\/v2\/media\/155174"}],"wp:attachment":[{"href":"https:\/\/diarioregionaldigital.com.br\/index.php?rest_route=%2Fwp%2Fv2%2Fmedia&parent=155173"}],"wp:term":[{"taxonomy":"category","embeddable":true,"href":"https:\/\/diarioregionaldigital.com.br\/index.php?rest_route=%2Fwp%2Fv2%2Fcategories&post=155173"},{"taxonomy":"post_tag","embeddable":true,"href":"https:\/\/diarioregionaldigital.com.br\/index.php?rest_route=%2Fwp%2Fv2%2Ftags&post=155173"}],"curies":[{"name":"wp","href":"https:\/\/api.w.org\/{rel}","templated":true}]}}