{"id":155161,"date":"2020-02-10T15:10:31","date_gmt":"2020-02-10T17:10:31","guid":{"rendered":"https:\/\/diarioregionaldigital.com.br\/?p=155161"},"modified":"2020-02-10T15:10:31","modified_gmt":"2020-02-10T17:10:31","slug":"projeto-amplia-a-protecao-as-torcedoras-contra-atos-de-violencia-em-estadios","status":"publish","type":"post","link":"https:\/\/diarioregionaldigital.com.br\/?p=155161","title":{"rendered":"Projeto amplia a prote\u00e7\u00e3o \u00e0s torcedoras contra atos de viol\u00eancia em est\u00e1dios"},"content":{"rendered":"<p><span style=\"font-weight: 400;\">O Projeto de Lei 549\/19 amplia a prote\u00e7\u00e3o \u00e0s torcedoras contra atos de viol\u00eancia em est\u00e1dios. O texto altera o Estatuto de Defesa do Torcedor (Lei 10671\/03). A proposta assegura \u00e0s mulheres prote\u00e7\u00e3o contra qualquer a\u00e7\u00e3o que lhes cause risco de morte, les\u00e3o, sofrimento f\u00edsico, sexual ou psicol\u00f3gico ou dano moral ou patrimonial.<\/span><\/p>\n<p><span style=\"font-weight: 400;\">O projeto tamb\u00e9m pro\u00edbe que sejam utilizados cartazes, bandeiras, s\u00edmbolos ou outros sinais com mensagens ofensivas, inclusive de car\u00e1ter racista, xen\u00f3fobo ou mis\u00f3gino.<\/span><\/p>\n<p><span style=\"font-weight: 400;\">Tamb\u00e9m fica vedado no texto gritos e c\u00e2nticos discriminat\u00f3rios, racistas, xen\u00f3fobos ou mis\u00f3ginos ou que incitem quaisquer atos de viol\u00eancia ou qualquer forma de ass\u00e9dio contra as mulheres.<\/span><\/p>\n<p><span style=\"font-weight: 400;\">A autora da proposta, senadora Leila Barros (PSB-DF), afirma que os ambientes de pr\u00e1tica esportiva ainda est\u00e3o longe de serem considerados ideais para as torcedoras. Segundo ela, relatos de ass\u00e9dio e de atos violentos continuam frequentes.<\/span><\/p>\n<p><span style=\"font-weight: 400;\">\u201cS\u00e3o espa\u00e7os cuja frequ\u00eancia \u00e9, notoriamente, dominada pelo p\u00fablico masculino. Nesse contexto, agu\u00e7ado pelo hist\u00f3rico machista e paternalista da sociedade brasileira, \u00e9 que as pr\u00e1ticas violentas e assediadoras s\u00e3o concretizadas com ares de habitualidade. Portanto, \u00e9 imprescind\u00edvel que trabalhemos no sentido de erradica\u00e7\u00e3o desses deplor\u00e1veis comportamentos\u201d, explica a parlamentar.<\/span><\/p>\n<p>&nbsp;<\/p>\n<p><b>Tramita\u00e7\u00e3o<\/b><\/p>\n<p><span style=\"font-weight: 400;\">O projeto, que tramita em car\u00e1ter conclusivo, ser\u00e1 analisado pelas comiss\u00f5es de Esporte; de Defesa dos Direitos da Mulher; e de Constitui\u00e7\u00e3o e Justi\u00e7a e de Cidadania.<\/span><\/p>\n<p>&nbsp;<\/p>\n<p><strong>Fonte:<\/strong>\u00a0Ag\u00eancia C\u00e2mara<\/p>\n","protected":false},"excerpt":{"rendered":"<p>O Projeto de Lei 549\/19 amplia a prote\u00e7\u00e3o \u00e0s torcedoras contra atos de viol\u00eancia em est\u00e1dios. O texto altera o Estatuto de Defesa do Torcedor (Lei 10671\/03). A proposta assegura \u00e0s mulheres prote\u00e7\u00e3o contra qualquer a\u00e7\u00e3o que lhes cause risco de morte, les\u00e3o, sofrimento f\u00edsico, sexual ou psicol\u00f3gico ou dano moral ou patrimonial. O projeto [&hellip;]<\/p>\n","protected":false},"author":96,"featured_media":155162,"comment_status":"closed","ping_status":"closed","sticky":false,"template":"","format":"standard","meta":{"footnotes":""},"categories":[436,440,254,439],"tags":[],"class_list":["post-155161","post","type-post","status-publish","format-standard","has-post-thumbnail","hentry","category-destaque-da-semana","category-destaques-do-dia","category-politica","category-ultima-hora"],"_links":{"self":[{"href":"https:\/\/diarioregionaldigital.com.br\/index.php?rest_route=\/wp\/v2\/posts\/155161","targetHints":{"allow":["GET"]}}],"collection":[{"href":"https:\/\/diarioregionaldigital.com.br\/index.php?rest_route=\/wp\/v2\/posts"}],"about":[{"href":"https:\/\/diarioregionaldigital.com.br\/index.php?rest_route=\/wp\/v2\/types\/post"}],"author":[{"embeddable":true,"href":"https:\/\/diarioregionaldigital.com.br\/index.php?rest_route=\/wp\/v2\/users\/96"}],"replies":[{"embeddable":true,"href":"https:\/\/diarioregionaldigital.com.br\/index.php?rest_route=%2Fwp%2Fv2%2Fcomments&post=155161"}],"version-history":[{"count":0,"href":"https:\/\/diarioregionaldigital.com.br\/index.php?rest_route=\/wp\/v2\/posts\/155161\/revisions"}],"wp:featuredmedia":[{"embeddable":true,"href":"https:\/\/diarioregionaldigital.com.br\/index.php?rest_route=\/wp\/v2\/media\/155162"}],"wp:attachment":[{"href":"https:\/\/diarioregionaldigital.com.br\/index.php?rest_route=%2Fwp%2Fv2%2Fmedia&parent=155161"}],"wp:term":[{"taxonomy":"category","embeddable":true,"href":"https:\/\/diarioregionaldigital.com.br\/index.php?rest_route=%2Fwp%2Fv2%2Fcategories&post=155161"},{"taxonomy":"post_tag","embeddable":true,"href":"https:\/\/diarioregionaldigital.com.br\/index.php?rest_route=%2Fwp%2Fv2%2Ftags&post=155161"}],"curies":[{"name":"wp","href":"https:\/\/api.w.org\/{rel}","templated":true}]}}