{"id":155121,"date":"2020-02-09T06:00:55","date_gmt":"2020-02-09T08:00:55","guid":{"rendered":"https:\/\/diarioregionaldigital.com.br\/?p=155121"},"modified":"2020-02-07T20:10:14","modified_gmt":"2020-02-07T22:10:14","slug":"estrelinha","status":"publish","type":"post","link":"https:\/\/diarioregionaldigital.com.br\/?p=155121","title":{"rendered":"Estrelinha"},"content":{"rendered":"<p style=\"text-align: center;\"><strong>Sucesso Total<\/strong><\/p>\n<p style=\"text-align: center;\">O Ver\u00e3o est\u00e1 pipocando em B\u00fazios. O Privil\u00e9ge na Orla Bardot recebeu o DJ Lucas Ruiz, do fren\u00e9tico Projeto Vintage Culture. Na badalada noite tamb\u00e9m teve destaque o show dos DJ\u2019s g\u00eameos Lucas e Marcos Ruback Schimidt (Dubdogs). Eles foram recebidos por Oct\u00e1vio Fagundes e Yuri Girardi.<\/p>\n<p style=\"text-align: center;\"><strong>Estrelinha<\/strong><\/p>\n<p style=\"text-align: center;\">Dona cegonha aprontou de novo. Colocou na chamin\u00e9 de Let\u00edcia Duarte e do cantor sertanejo Christiano (que forma dupla com Renan), a linda Helena. Pais e av\u00f3s comemoram a chegada da nova estrelinha.<\/p>\n<p style=\"text-align: center;\"><strong>Prisioneiras e a Arte<\/strong><\/p>\n<p style=\"text-align: center;\">Em ritmo de cria\u00e7\u00e3o para recriar, um bel\u00edssimo calend\u00e1rio com fotografias de Kempton Vianna encanta Juiz de Fora. Desenvolvido no projeto Jequitib\u00e1 Rosa, mostra a sensibilidade das detentas na oficina de cer\u00e2mica. O projeto para presidi\u00e1rias ajuda a debater a ressocializa\u00e7\u00e3o no sistema carcer\u00e1rio brasileiro e a contradi\u00e7\u00e3o entre o que define a legisla\u00e7\u00e3o e o que permite a sociedade.<\/p>\n<p style=\"text-align: center;\"><strong>Na Pauta <\/strong><\/p>\n<p style=\"text-align: center;\">Embalado por boas not\u00edcias, o contabilista e advogado Jonas Alves de Souza far\u00e1 palestra no dia 13 de fevereiro, na sede da OAB\/JF, com o tema \u201cEntendendo a nova previd\u00eancia\u201d.<\/p>\n<p style=\"text-align: center;\"><span style=\"font-size: 14pt;\"><strong>Para Refletir<\/strong><\/span><\/p>\n<p style=\"text-align: center;\">A especialidade da pessoa infeliz \u00e9 apontar os defeitos dos outros. Tome nota encare, e tenha um \u00f3timo dia.<\/p>\n<div id=\"attachment_155122\" style=\"width: 690px\" class=\"wp-caption aligncenter\"><img loading=\"lazy\" decoding=\"async\" aria-describedby=\"caption-attachment-155122\" class=\"wp-image-155122\" src=\"https:\/\/diarioregionaldigital.com.br\/wp-content\/uploads\/fotoa-21-e1581111713514.jpg\" alt=\"\" width=\"680\" height=\"542\" srcset=\"https:\/\/diarioregionaldigital.com.br\/wp-content\/uploads\/fotoa-21-e1581111713514.jpg 1172w, https:\/\/diarioregionaldigital.com.br\/wp-content\/uploads\/fotoa-21-e1581111713514-300x239.jpg 300w, https:\/\/diarioregionaldigital.com.br\/wp-content\/uploads\/fotoa-21-e1581111713514-768x612.jpg 768w, https:\/\/diarioregionaldigital.com.br\/wp-content\/uploads\/fotoa-21-e1581111713514-1024x816.jpg 1024w, https:\/\/diarioregionaldigital.com.br\/wp-content\/uploads\/fotoa-21-e1581111713514-360x287.jpg 360w\" sizes=\"auto, (max-width: 680px) 100vw, 680px\" \/><p id=\"caption-attachment-155122\" class=\"wp-caption-text\">O colunista Eduardo Gomes com sua afilhada diva Sandra Portella em ritmo do Bloco Nega Maria, hoje, 9, \u00e0s 15h, no Espa\u00e7o Folia do Independ\u00eancia Shopping<\/p><\/div>\n<div id=\"attachment_155123\" style=\"width: 690px\" class=\"wp-caption aligncenter\"><img loading=\"lazy\" decoding=\"async\" aria-describedby=\"caption-attachment-155123\" class=\"wp-image-155123\" src=\"https:\/\/diarioregionaldigital.com.br\/wp-content\/uploads\/fotob-24-e1581112442879.jpg\" alt=\"\" width=\"680\" height=\"521\" srcset=\"https:\/\/diarioregionaldigital.com.br\/wp-content\/uploads\/fotob-24-e1581112442879.jpg 1173w, https:\/\/diarioregionaldigital.com.br\/wp-content\/uploads\/fotob-24-e1581112442879-300x230.jpg 300w, https:\/\/diarioregionaldigital.com.br\/wp-content\/uploads\/fotob-24-e1581112442879-768x589.jpg 768w, https:\/\/diarioregionaldigital.com.br\/wp-content\/uploads\/fotob-24-e1581112442879-1024x785.jpg 1024w, https:\/\/diarioregionaldigital.com.br\/wp-content\/uploads\/fotob-24-e1581112442879-360x276.jpg 360w\" sizes=\"auto, (max-width: 680px) 100vw, 680px\" \/><p id=\"caption-attachment-155123\" class=\"wp-caption-text\">Brincando Carnaval em alto mar, o nutricionista Renato Nunes<\/p><\/div>\n<div id=\"attachment_155124\" style=\"width: 690px\" class=\"wp-caption aligncenter\"><img loading=\"lazy\" decoding=\"async\" aria-describedby=\"caption-attachment-155124\" class=\"wp-image-155124\" src=\"https:\/\/diarioregionaldigital.com.br\/wp-content\/uploads\/fotoc-22-e1581112503213.jpg\" alt=\"\" width=\"680\" height=\"494\" srcset=\"https:\/\/diarioregionaldigital.com.br\/wp-content\/uploads\/fotoc-22-e1581112503213.jpg 1182w, https:\/\/diarioregionaldigital.com.br\/wp-content\/uploads\/fotoc-22-e1581112503213-300x218.jpg 300w, https:\/\/diarioregionaldigital.com.br\/wp-content\/uploads\/fotoc-22-e1581112503213-768x558.jpg 768w, https:\/\/diarioregionaldigital.com.br\/wp-content\/uploads\/fotoc-22-e1581112503213-1024x744.jpg 1024w, https:\/\/diarioregionaldigital.com.br\/wp-content\/uploads\/fotoc-22-e1581112503213-360x262.jpg 360w\" sizes=\"auto, (max-width: 680px) 100vw, 680px\" \/><p id=\"caption-attachment-155124\" class=\"wp-caption-text\">Salve o campe\u00e3o de futev\u00f4lei Juninho Carvalho<\/p><\/div>\n<div id=\"attachment_155125\" style=\"width: 690px\" class=\"wp-caption aligncenter\"><img loading=\"lazy\" decoding=\"async\" aria-describedby=\"caption-attachment-155125\" class=\"wp-image-155125\" src=\"https:\/\/diarioregionaldigital.com.br\/wp-content\/uploads\/fotod-21-e1581112555913.jpg\" alt=\"\" width=\"680\" height=\"535\" srcset=\"https:\/\/diarioregionaldigital.com.br\/wp-content\/uploads\/fotod-21-e1581112555913.jpg 1176w, https:\/\/diarioregionaldigital.com.br\/wp-content\/uploads\/fotod-21-e1581112555913-300x236.jpg 300w, https:\/\/diarioregionaldigital.com.br\/wp-content\/uploads\/fotod-21-e1581112555913-768x605.jpg 768w, https:\/\/diarioregionaldigital.com.br\/wp-content\/uploads\/fotod-21-e1581112555913-1024x806.jpg 1024w, https:\/\/diarioregionaldigital.com.br\/wp-content\/uploads\/fotod-21-e1581112555913-360x283.jpg 360w\" sizes=\"auto, (max-width: 680px) 100vw, 680px\" \/><p id=\"caption-attachment-155125\" class=\"wp-caption-text\">O charme do bonit\u00e3o L\u00facio Reis em festa no TenenaHara, mostra estilo e eleg\u00e2ncia em temporada social<\/p><\/div>\n<div id=\"attachment_155126\" style=\"width: 690px\" class=\"wp-caption aligncenter\"><img loading=\"lazy\" decoding=\"async\" aria-describedby=\"caption-attachment-155126\" class=\"wp-image-155126\" src=\"https:\/\/diarioregionaldigital.com.br\/wp-content\/uploads\/fotoe-19-e1581112594206.jpg\" alt=\"\" width=\"680\" height=\"527\" srcset=\"https:\/\/diarioregionaldigital.com.br\/wp-content\/uploads\/fotoe-19-e1581112594206.jpg 1172w, https:\/\/diarioregionaldigital.com.br\/wp-content\/uploads\/fotoe-19-e1581112594206-300x233.jpg 300w, https:\/\/diarioregionaldigital.com.br\/wp-content\/uploads\/fotoe-19-e1581112594206-768x596.jpg 768w, https:\/\/diarioregionaldigital.com.br\/wp-content\/uploads\/fotoe-19-e1581112594206-1024x794.jpg 1024w, https:\/\/diarioregionaldigital.com.br\/wp-content\/uploads\/fotoe-19-e1581112594206-360x279.jpg 360w\" sizes=\"auto, (max-width: 680px) 100vw, 680px\" \/><p id=\"caption-attachment-155126\" class=\"wp-caption-text\">O jeito felina de Lourdes Machado em close para esta coluna, mostrando que o tempo passa, o tempo voa e ela fica numa boa<\/p><\/div>\n<div id=\"attachment_155127\" style=\"width: 690px\" class=\"wp-caption aligncenter\"><img loading=\"lazy\" decoding=\"async\" aria-describedby=\"caption-attachment-155127\" class=\"wp-image-155127\" src=\"https:\/\/diarioregionaldigital.com.br\/wp-content\/uploads\/fotof-22-e1581112637302.jpg\" alt=\"\" width=\"680\" height=\"545\" srcset=\"https:\/\/diarioregionaldigital.com.br\/wp-content\/uploads\/fotof-22-e1581112637302.jpg 1146w, https:\/\/diarioregionaldigital.com.br\/wp-content\/uploads\/fotof-22-e1581112637302-300x240.jpg 300w, https:\/\/diarioregionaldigital.com.br\/wp-content\/uploads\/fotof-22-e1581112637302-768x615.jpg 768w, https:\/\/diarioregionaldigital.com.br\/wp-content\/uploads\/fotof-22-e1581112637302-1024x820.jpg 1024w, https:\/\/diarioregionaldigital.com.br\/wp-content\/uploads\/fotof-22-e1581112637302-360x288.jpg 360w\" sizes=\"auto, (max-width: 680px) 100vw, 680px\" \/><p id=\"caption-attachment-155127\" class=\"wp-caption-text\">No Espa\u00e7o Folia no estacionamento do Independ\u00eancia Shopping, os queridos Fabiano Garcia e Carlos Barbosa<\/p><\/div>\n<div id=\"attachment_155128\" style=\"width: 690px\" class=\"wp-caption aligncenter\"><img loading=\"lazy\" decoding=\"async\" aria-describedby=\"caption-attachment-155128\" class=\"wp-image-155128\" src=\"https:\/\/diarioregionaldigital.com.br\/wp-content\/uploads\/fotog-23-e1581112682803.jpg\" alt=\"\" width=\"680\" height=\"564\" srcset=\"https:\/\/diarioregionaldigital.com.br\/wp-content\/uploads\/fotog-23-e1581112682803.jpg 1165w, https:\/\/diarioregionaldigital.com.br\/wp-content\/uploads\/fotog-23-e1581112682803-300x249.jpg 300w, https:\/\/diarioregionaldigital.com.br\/wp-content\/uploads\/fotog-23-e1581112682803-768x637.jpg 768w, https:\/\/diarioregionaldigital.com.br\/wp-content\/uploads\/fotog-23-e1581112682803-1024x849.jpg 1024w, https:\/\/diarioregionaldigital.com.br\/wp-content\/uploads\/fotog-23-e1581112682803-360x299.jpg 360w\" sizes=\"auto, (max-width: 680px) 100vw, 680px\" \/><p id=\"caption-attachment-155128\" class=\"wp-caption-text\">Os flamenguistas Leandro Teles e Raquel Ramos Gomes, em sintonia no Carlos Chagas<\/p><\/div>\n<div id=\"attachment_155129\" style=\"width: 690px\" class=\"wp-caption aligncenter\"><img loading=\"lazy\" decoding=\"async\" aria-describedby=\"caption-attachment-155129\" class=\"wp-image-155129\" src=\"https:\/\/diarioregionaldigital.com.br\/wp-content\/uploads\/fotoh-18-e1581112715582.jpg\" alt=\"\" width=\"680\" height=\"485\" srcset=\"https:\/\/diarioregionaldigital.com.br\/wp-content\/uploads\/fotoh-18-e1581112715582.jpg 1146w, https:\/\/diarioregionaldigital.com.br\/wp-content\/uploads\/fotoh-18-e1581112715582-300x214.jpg 300w, https:\/\/diarioregionaldigital.com.br\/wp-content\/uploads\/fotoh-18-e1581112715582-768x548.jpg 768w, https:\/\/diarioregionaldigital.com.br\/wp-content\/uploads\/fotoh-18-e1581112715582-1024x730.jpg 1024w, https:\/\/diarioregionaldigital.com.br\/wp-content\/uploads\/fotoh-18-e1581112715582-360x257.jpg 360w, https:\/\/diarioregionaldigital.com.br\/wp-content\/uploads\/fotoh-18-e1581112715582-100x70.jpg 100w\" sizes=\"auto, (max-width: 680px) 100vw, 680px\" \/><p id=\"caption-attachment-155129\" class=\"wp-caption-text\">Gera\u00e7\u00e3o sadia e conectada com o futuro com Rafael Ribeiro e Luan Carvalho<\/p><\/div>\n<div id=\"attachment_155130\" style=\"width: 690px\" class=\"wp-caption aligncenter\"><img loading=\"lazy\" decoding=\"async\" aria-describedby=\"caption-attachment-155130\" class=\"wp-image-155130\" src=\"https:\/\/diarioregionaldigital.com.br\/wp-content\/uploads\/fotoi-23-e1581112765431.jpg\" alt=\"\" width=\"680\" height=\"526\" srcset=\"https:\/\/diarioregionaldigital.com.br\/wp-content\/uploads\/fotoi-23-e1581112765431.jpg 1162w, https:\/\/diarioregionaldigital.com.br\/wp-content\/uploads\/fotoi-23-e1581112765431-300x232.jpg 300w, https:\/\/diarioregionaldigital.com.br\/wp-content\/uploads\/fotoi-23-e1581112765431-768x594.jpg 768w, https:\/\/diarioregionaldigital.com.br\/wp-content\/uploads\/fotoi-23-e1581112765431-1024x792.jpg 1024w, https:\/\/diarioregionaldigital.com.br\/wp-content\/uploads\/fotoi-23-e1581112765431-360x279.jpg 360w\" sizes=\"auto, (max-width: 680px) 100vw, 680px\" \/><p id=\"caption-attachment-155130\" class=\"wp-caption-text\">As locomotivas do society Jacqueline Vianna e Ana Teresa Ba\u00eata Compomizzi, em festa no Aeroporto<\/p><\/div>\n<div id=\"attachment_155131\" style=\"width: 690px\" class=\"wp-caption aligncenter\"><img loading=\"lazy\" decoding=\"async\" aria-describedby=\"caption-attachment-155131\" class=\"wp-image-155131\" src=\"https:\/\/diarioregionaldigital.com.br\/wp-content\/uploads\/fotoj-19-e1581112803551.jpg\" alt=\"\" width=\"680\" height=\"539\" srcset=\"https:\/\/diarioregionaldigital.com.br\/wp-content\/uploads\/fotoj-19-e1581112803551.jpg 1168w, https:\/\/diarioregionaldigital.com.br\/wp-content\/uploads\/fotoj-19-e1581112803551-300x238.jpg 300w, https:\/\/diarioregionaldigital.com.br\/wp-content\/uploads\/fotoj-19-e1581112803551-768x609.jpg 768w, https:\/\/diarioregionaldigital.com.br\/wp-content\/uploads\/fotoj-19-e1581112803551-1024x812.jpg 1024w, https:\/\/diarioregionaldigital.com.br\/wp-content\/uploads\/fotoj-19-e1581112803551-360x285.jpg 360w\" sizes=\"auto, (max-width: 680px) 100vw, 680px\" \/><p id=\"caption-attachment-155131\" class=\"wp-caption-text\">Em ritmo de compras no Rio Design Barra (RJ), o casal Jos\u00e9 Cipriano J\u00fanior e Juliana Lamha<\/p><\/div>\n<p><img loading=\"lazy\" decoding=\"async\" class=\"aligncenter size-full wp-image-154714\" src=\"https:\/\/diarioregionaldigital.com.br\/wp-content\/uploads\/anuncio.jpg\" alt=\"\" width=\"3488\" height=\"1312\" srcset=\"https:\/\/diarioregionaldigital.com.br\/wp-content\/uploads\/anuncio.jpg 3488w, https:\/\/diarioregionaldigital.com.br\/wp-content\/uploads\/anuncio-300x113.jpg 300w, https:\/\/diarioregionaldigital.com.br\/wp-content\/uploads\/anuncio-768x289.jpg 768w, https:\/\/diarioregionaldigital.com.br\/wp-content\/uploads\/anuncio-1024x385.jpg 1024w, https:\/\/diarioregionaldigital.com.br\/wp-content\/uploads\/anuncio-360x135.jpg 360w\" sizes=\"auto, (max-width: 3488px) 100vw, 3488px\" \/><\/p>\n","protected":false},"excerpt":{"rendered":"<p>Sucesso Total O Ver\u00e3o est\u00e1 pipocando em B\u00fazios. O Privil\u00e9ge na Orla Bardot recebeu o DJ Lucas Ruiz, do fren\u00e9tico Projeto Vintage Culture. Na badalada noite tamb\u00e9m teve destaque o show dos DJ\u2019s g\u00eameos Lucas e Marcos Ruback Schimidt (Dubdogs). Eles foram recebidos por Oct\u00e1vio Fagundes e Yuri Girardi. Estrelinha Dona cegonha aprontou de novo. [&hellip;]<\/p>\n","protected":false},"author":96,"featured_media":155122,"comment_status":"closed","ping_status":"closed","sticky":false,"template":"","format":"standard","meta":{"footnotes":""},"categories":[264],"tags":[],"class_list":["post-155121","post","type-post","status-publish","format-standard","has-post-thumbnail","hentry","category-eduardo-gomes"],"_links":{"self":[{"href":"https:\/\/diarioregionaldigital.com.br\/index.php?rest_route=\/wp\/v2\/posts\/155121","targetHints":{"allow":["GET"]}}],"collection":[{"href":"https:\/\/diarioregionaldigital.com.br\/index.php?rest_route=\/wp\/v2\/posts"}],"about":[{"href":"https:\/\/diarioregionaldigital.com.br\/index.php?rest_route=\/wp\/v2\/types\/post"}],"author":[{"embeddable":true,"href":"https:\/\/diarioregionaldigital.com.br\/index.php?rest_route=\/wp\/v2\/users\/96"}],"replies":[{"embeddable":true,"href":"https:\/\/diarioregionaldigital.com.br\/index.php?rest_route=%2Fwp%2Fv2%2Fcomments&post=155121"}],"version-history":[{"count":0,"href":"https:\/\/diarioregionaldigital.com.br\/index.php?rest_route=\/wp\/v2\/posts\/155121\/revisions"}],"wp:featuredmedia":[{"embeddable":true,"href":"https:\/\/diarioregionaldigital.com.br\/index.php?rest_route=\/wp\/v2\/media\/155122"}],"wp:attachment":[{"href":"https:\/\/diarioregionaldigital.com.br\/index.php?rest_route=%2Fwp%2Fv2%2Fmedia&parent=155121"}],"wp:term":[{"taxonomy":"category","embeddable":true,"href":"https:\/\/diarioregionaldigital.com.br\/index.php?rest_route=%2Fwp%2Fv2%2Fcategories&post=155121"},{"taxonomy":"post_tag","embeddable":true,"href":"https:\/\/diarioregionaldigital.com.br\/index.php?rest_route=%2Fwp%2Fv2%2Ftags&post=155121"}],"curies":[{"name":"wp","href":"https:\/\/api.w.org\/{rel}","templated":true}]}}