{"id":155107,"date":"2020-02-07T06:00:55","date_gmt":"2020-02-07T08:00:55","guid":{"rendered":"https:\/\/diarioregionaldigital.com.br\/?p=155107"},"modified":"2020-02-07T19:32:45","modified_gmt":"2020-02-07T21:32:45","slug":"155107","status":"publish","type":"post","link":"https:\/\/diarioregionaldigital.com.br\/?p=155107","title":{"rendered":"Aten\u00e7\u00e3o Foli\u00f5es"},"content":{"rendered":"<p style=\"text-align: center;\"><strong>Clube de Permuta<\/strong><\/p>\n<p style=\"text-align: center;\">Fazendo o maior sucesso a franquia do C\u00adlube de Permuta em Juiz de Fora cresceu mais de 100% no per\u00edodo de tr\u00eas anos. O fundador Leonardo Bortoletto, afirma para esta coluna, que o Clube de Permuta nasceu literalmente de um sonho com no\u00e7\u00e3o de software, portal e plataforma colocada em pr\u00e1tica e deu certo. Para 2020 perspectivas promissoras. A unidade de Juiz de Fora tem como diretores Fl\u00e1vio Guimar\u00e3es e Juliano Rodrigues.<\/p>\n<p style=\"text-align: center;\"><strong>Na Ponta dos p\u00e9s<\/strong><\/p>\n<p style=\"text-align: center;\">Disciplinada e talentosa, a aluna do Studio Vivian Mockdece, R\u00fabia Lima de Freitas, ganhou uma bolsa para estudar na escola Petit Dance, uma das mais conceituadas escolas do Brasil.<\/p>\n<p style=\"text-align: center;\"><strong>Olha S\u00f3<\/strong><\/p>\n<p style=\"text-align: center;\">Agora 2020 come\u00e7ou. Terminando o per\u00edodo de f\u00e9rias de janeiro, os partidos retornam \u00e0s reuni\u00f5es j\u00e1 pensando nas chapas que apresentar\u00e3o para o eleitor. Boa parte j\u00e1 tem esbo\u00e7o, mas em algumas legendas h\u00e1 pend\u00eancias.<\/p>\n<p style=\"text-align: center;\"><strong>Aten\u00e7\u00e3o Foli\u00f5es<\/strong><\/p>\n<p style=\"text-align: center;\">A PJF e a Funalfa anunciam que o Carnaval Juiz de Fora 2020 acontece de 7 a 25 de fevereiro. Para quem curte folia de rua alertamos evitar participar de aglomera\u00e7\u00f5es de irregulares, pois al\u00e9m de n\u00e3o oferecerem condi\u00e7\u00f5es adequadas de conforto e seguran\u00e7a, elas trazem transtornos para a cidade. No Carnaval se beber n\u00e3o dirija e use camisinha.<\/p>\n<p style=\"text-align: center;\"><span style=\"font-size: 14pt;\"><strong>Para Refletir <\/strong><\/span><\/p>\n<p style=\"text-align: center;\">Deixar de investir em comunica\u00e7\u00e3o \u00e9 como prender a respira\u00e7\u00e3o e ficar sem oxig\u00eanio. Presta aten\u00e7\u00e3o!<\/p>\n<div id=\"attachment_155108\" style=\"width: 690px\" class=\"wp-caption aligncenter\"><img loading=\"lazy\" decoding=\"async\" aria-describedby=\"caption-attachment-155108\" class=\"wp-image-155108\" src=\"https:\/\/diarioregionaldigital.com.br\/wp-content\/uploads\/fotoa-20-e1581110193813.jpg\" alt=\"\" width=\"680\" height=\"561\" srcset=\"https:\/\/diarioregionaldigital.com.br\/wp-content\/uploads\/fotoa-20-e1581110193813.jpg 1181w, https:\/\/diarioregionaldigital.com.br\/wp-content\/uploads\/fotoa-20-e1581110193813-300x247.jpg 300w, https:\/\/diarioregionaldigital.com.br\/wp-content\/uploads\/fotoa-20-e1581110193813-768x633.jpg 768w, https:\/\/diarioregionaldigital.com.br\/wp-content\/uploads\/fotoa-20-e1581110193813-1024x845.jpg 1024w, https:\/\/diarioregionaldigital.com.br\/wp-content\/uploads\/fotoa-20-e1581110193813-360x297.jpg 360w\" sizes=\"auto, (max-width: 680px) 100vw, 680px\" \/><p id=\"caption-attachment-155108\" class=\"wp-caption-text\">Abrindo a temporada de Carnaval para esta coluna, o empreendedor, apresentador e dublador carioca Jeycow Ferraz<\/p><\/div>\n<div id=\"attachment_155109\" style=\"width: 690px\" class=\"wp-caption aligncenter\"><img loading=\"lazy\" decoding=\"async\" aria-describedby=\"caption-attachment-155109\" class=\"wp-image-155109\" src=\"https:\/\/diarioregionaldigital.com.br\/wp-content\/uploads\/fotob-23-e1581110305680.jpg\" alt=\"\" width=\"680\" height=\"530\" srcset=\"https:\/\/diarioregionaldigital.com.br\/wp-content\/uploads\/fotob-23-e1581110305680.jpg 1187w, https:\/\/diarioregionaldigital.com.br\/wp-content\/uploads\/fotob-23-e1581110305680-300x234.jpg 300w, https:\/\/diarioregionaldigital.com.br\/wp-content\/uploads\/fotob-23-e1581110305680-768x598.jpg 768w, https:\/\/diarioregionaldigital.com.br\/wp-content\/uploads\/fotob-23-e1581110305680-1024x798.jpg 1024w, https:\/\/diarioregionaldigital.com.br\/wp-content\/uploads\/fotob-23-e1581110305680-360x281.jpg 360w\" sizes=\"auto, (max-width: 680px) 100vw, 680px\" \/><p id=\"caption-attachment-155109\" class=\"wp-caption-text\">A elegante L\u00facia Moreira faz um brinde a esta coluna direto da cidade mineira de Aiuruoca, em ritmo de 2020<\/p><\/div>\n<div id=\"attachment_155110\" style=\"width: 690px\" class=\"wp-caption aligncenter\"><img loading=\"lazy\" decoding=\"async\" aria-describedby=\"caption-attachment-155110\" class=\"wp-image-155110\" src=\"https:\/\/diarioregionaldigital.com.br\/wp-content\/uploads\/fotoc-21-e1581110348973.jpg\" alt=\"\" width=\"680\" height=\"508\" srcset=\"https:\/\/diarioregionaldigital.com.br\/wp-content\/uploads\/fotoc-21-e1581110348973.jpg 1182w, https:\/\/diarioregionaldigital.com.br\/wp-content\/uploads\/fotoc-21-e1581110348973-300x224.jpg 300w, https:\/\/diarioregionaldigital.com.br\/wp-content\/uploads\/fotoc-21-e1581110348973-768x574.jpg 768w, https:\/\/diarioregionaldigital.com.br\/wp-content\/uploads\/fotoc-21-e1581110348973-1024x765.jpg 1024w, https:\/\/diarioregionaldigital.com.br\/wp-content\/uploads\/fotoc-21-e1581110348973-360x269.jpg 360w\" sizes=\"auto, (max-width: 680px) 100vw, 680px\" \/><p id=\"caption-attachment-155110\" class=\"wp-caption-text\">A energia de Luiz Mauro Fernandes, em destaque hoje nesta coluna<\/p><\/div>\n<div id=\"attachment_155112\" style=\"width: 690px\" class=\"wp-caption aligncenter\"><img loading=\"lazy\" decoding=\"async\" aria-describedby=\"caption-attachment-155112\" class=\"wp-image-155112\" src=\"https:\/\/diarioregionaldigital.com.br\/wp-content\/uploads\/fotoe-18-e1581110473869.jpg\" alt=\"\" width=\"680\" height=\"510\" srcset=\"https:\/\/diarioregionaldigital.com.br\/wp-content\/uploads\/fotoe-18-e1581110473869.jpg 1164w, https:\/\/diarioregionaldigital.com.br\/wp-content\/uploads\/fotoe-18-e1581110473869-300x225.jpg 300w, https:\/\/diarioregionaldigital.com.br\/wp-content\/uploads\/fotoe-18-e1581110473869-768x576.jpg 768w, https:\/\/diarioregionaldigital.com.br\/wp-content\/uploads\/fotoe-18-e1581110473869-1024x768.jpg 1024w, https:\/\/diarioregionaldigital.com.br\/wp-content\/uploads\/fotoe-18-e1581110473869-360x270.jpg 360w\" sizes=\"auto, (max-width: 680px) 100vw, 680px\" \/><p id=\"caption-attachment-155112\" class=\"wp-caption-text\">O olhar da jornalista mineira Maria Aparecida Barral em close na lusitana Portugal<\/p><\/div>\n<div id=\"attachment_155113\" style=\"width: 690px\" class=\"wp-caption aligncenter\"><img loading=\"lazy\" decoding=\"async\" aria-describedby=\"caption-attachment-155113\" class=\"wp-image-155113\" src=\"https:\/\/diarioregionaldigital.com.br\/wp-content\/uploads\/fotof-21-e1581110513832.jpg\" alt=\"\" width=\"680\" height=\"502\" srcset=\"https:\/\/diarioregionaldigital.com.br\/wp-content\/uploads\/fotof-21-e1581110513832.jpg 1163w, https:\/\/diarioregionaldigital.com.br\/wp-content\/uploads\/fotof-21-e1581110513832-300x222.jpg 300w, https:\/\/diarioregionaldigital.com.br\/wp-content\/uploads\/fotof-21-e1581110513832-768x567.jpg 768w, https:\/\/diarioregionaldigital.com.br\/wp-content\/uploads\/fotof-21-e1581110513832-1024x756.jpg 1024w, https:\/\/diarioregionaldigital.com.br\/wp-content\/uploads\/fotof-21-e1581110513832-360x266.jpg 360w\" sizes=\"auto, (max-width: 680px) 100vw, 680px\" \/><p id=\"caption-attachment-155113\" class=\"wp-caption-text\">Juiz-foranas elegant\u00e9rrimas no Shopping Village Mall (Rio), Aura, Eliana, \u00c2ngela e Juliana Lamha<\/p><\/div>\n<div id=\"attachment_155114\" style=\"width: 690px\" class=\"wp-caption aligncenter\"><img loading=\"lazy\" decoding=\"async\" aria-describedby=\"caption-attachment-155114\" class=\"wp-image-155114\" src=\"https:\/\/diarioregionaldigital.com.br\/wp-content\/uploads\/fotog-22-e1581110563779.jpg\" alt=\"\" width=\"680\" height=\"524\" srcset=\"https:\/\/diarioregionaldigital.com.br\/wp-content\/uploads\/fotog-22-e1581110563779.jpg 774w, https:\/\/diarioregionaldigital.com.br\/wp-content\/uploads\/fotog-22-e1581110563779-300x231.jpg 300w, https:\/\/diarioregionaldigital.com.br\/wp-content\/uploads\/fotog-22-e1581110563779-768x591.jpg 768w, https:\/\/diarioregionaldigital.com.br\/wp-content\/uploads\/fotog-22-e1581110563779-360x277.jpg 360w\" sizes=\"auto, (max-width: 680px) 100vw, 680px\" \/><p id=\"caption-attachment-155114\" class=\"wp-caption-text\">No Parque Halfeld, Allana Bonjour Zanchetta e o pai Pablo Bresan Zanchetta<\/p><\/div>\n<div id=\"attachment_155115\" style=\"width: 690px\" class=\"wp-caption aligncenter\"><img loading=\"lazy\" decoding=\"async\" aria-describedby=\"caption-attachment-155115\" class=\"wp-image-155115\" src=\"https:\/\/diarioregionaldigital.com.br\/wp-content\/uploads\/fotoh-17-e1581110595774.jpg\" alt=\"\" width=\"680\" height=\"542\" srcset=\"https:\/\/diarioregionaldigital.com.br\/wp-content\/uploads\/fotoh-17-e1581110595774.jpg 1170w, https:\/\/diarioregionaldigital.com.br\/wp-content\/uploads\/fotoh-17-e1581110595774-300x239.jpg 300w, https:\/\/diarioregionaldigital.com.br\/wp-content\/uploads\/fotoh-17-e1581110595774-768x612.jpg 768w, https:\/\/diarioregionaldigital.com.br\/wp-content\/uploads\/fotoh-17-e1581110595774-1024x817.jpg 1024w, https:\/\/diarioregionaldigital.com.br\/wp-content\/uploads\/fotoh-17-e1581110595774-360x287.jpg 360w\" sizes=\"auto, (max-width: 680px) 100vw, 680px\" \/><p id=\"caption-attachment-155115\" class=\"wp-caption-text\">Comemorando o sucesso da Souza Gomes Im\u00f3veis, Diogo e Victor Souza Gomes e a m\u00e3e Norma Peron Souza Gomes<\/p><\/div>\n<div id=\"attachment_155116\" style=\"width: 690px\" class=\"wp-caption aligncenter\"><img loading=\"lazy\" decoding=\"async\" aria-describedby=\"caption-attachment-155116\" class=\"wp-image-155116\" src=\"https:\/\/diarioregionaldigital.com.br\/wp-content\/uploads\/fotoi-22-e1581110635685.jpg\" alt=\"\" width=\"680\" height=\"511\" srcset=\"https:\/\/diarioregionaldigital.com.br\/wp-content\/uploads\/fotoi-22-e1581110635685.jpg 1146w, https:\/\/diarioregionaldigital.com.br\/wp-content\/uploads\/fotoi-22-e1581110635685-300x225.jpg 300w, https:\/\/diarioregionaldigital.com.br\/wp-content\/uploads\/fotoi-22-e1581110635685-768x577.jpg 768w, https:\/\/diarioregionaldigital.com.br\/wp-content\/uploads\/fotoi-22-e1581110635685-1024x769.jpg 1024w, https:\/\/diarioregionaldigital.com.br\/wp-content\/uploads\/fotoi-22-e1581110635685-360x270.jpg 360w\" sizes=\"auto, (max-width: 680px) 100vw, 680px\" \/><p id=\"caption-attachment-155116\" class=\"wp-caption-text\">Belezuras enfeitando o social de Juiz de Fora, Felipe Nogueira e D\u00e9bora Gonzales<\/p><\/div>\n<div id=\"attachment_155117\" style=\"width: 690px\" class=\"wp-caption aligncenter\"><img loading=\"lazy\" decoding=\"async\" aria-describedby=\"caption-attachment-155117\" class=\"wp-image-155117\" src=\"https:\/\/diarioregionaldigital.com.br\/wp-content\/uploads\/fotoj-18-e1581110670693.jpg\" alt=\"\" width=\"680\" height=\"503\" srcset=\"https:\/\/diarioregionaldigital.com.br\/wp-content\/uploads\/fotoj-18-e1581110670693.jpg 1131w, https:\/\/diarioregionaldigital.com.br\/wp-content\/uploads\/fotoj-18-e1581110670693-300x222.jpg 300w, https:\/\/diarioregionaldigital.com.br\/wp-content\/uploads\/fotoj-18-e1581110670693-768x568.jpg 768w, https:\/\/diarioregionaldigital.com.br\/wp-content\/uploads\/fotoj-18-e1581110670693-1024x757.jpg 1024w, https:\/\/diarioregionaldigital.com.br\/wp-content\/uploads\/fotoj-18-e1581110670693-360x266.jpg 360w\" sizes=\"auto, (max-width: 680px) 100vw, 680px\" \/><p id=\"caption-attachment-155117\" class=\"wp-caption-text\">L\u00edderes da Festa Euphorica em sintonia Coldhans Queiros e Hudsson Lagrota<\/p><\/div>\n<div id=\"attachment_155118\" style=\"width: 690px\" class=\"wp-caption aligncenter\"><img loading=\"lazy\" decoding=\"async\" aria-describedby=\"caption-attachment-155118\" class=\"wp-image-155118\" src=\"https:\/\/diarioregionaldigital.com.br\/wp-content\/uploads\/fotol-4-e1581110724514.jpg\" alt=\"\" width=\"680\" height=\"441\" srcset=\"https:\/\/diarioregionaldigital.com.br\/wp-content\/uploads\/fotol-4-e1581110724514.jpg 1699w, https:\/\/diarioregionaldigital.com.br\/wp-content\/uploads\/fotol-4-e1581110724514-300x194.jpg 300w, https:\/\/diarioregionaldigital.com.br\/wp-content\/uploads\/fotol-4-e1581110724514-768x498.jpg 768w, https:\/\/diarioregionaldigital.com.br\/wp-content\/uploads\/fotol-4-e1581110724514-1024x664.jpg 1024w, https:\/\/diarioregionaldigital.com.br\/wp-content\/uploads\/fotol-4-e1581110724514-360x233.jpg 360w\" sizes=\"auto, (max-width: 680px) 100vw, 680px\" \/><p id=\"caption-attachment-155118\" class=\"wp-caption-text\">Em ritmo de Bloco Nega Maria, Sandra Portella, Z\u00e9 Kodak, Marc\u00edlio Gomes, Beth Ank e Edmar J\u00fanior<\/p><\/div>\n<p><img loading=\"lazy\" decoding=\"async\" class=\"aligncenter size-full wp-image-154714\" src=\"https:\/\/diarioregionaldigital.com.br\/wp-content\/uploads\/anuncio.jpg\" alt=\"\" width=\"3488\" height=\"1312\" srcset=\"https:\/\/diarioregionaldigital.com.br\/wp-content\/uploads\/anuncio.jpg 3488w, https:\/\/diarioregionaldigital.com.br\/wp-content\/uploads\/anuncio-300x113.jpg 300w, https:\/\/diarioregionaldigital.com.br\/wp-content\/uploads\/anuncio-768x289.jpg 768w, https:\/\/diarioregionaldigital.com.br\/wp-content\/uploads\/anuncio-1024x385.jpg 1024w, https:\/\/diarioregionaldigital.com.br\/wp-content\/uploads\/anuncio-360x135.jpg 360w\" sizes=\"auto, (max-width: 3488px) 100vw, 3488px\" \/><\/p>\n","protected":false},"excerpt":{"rendered":"<p>Clube de Permuta Fazendo o maior sucesso a franquia do C\u00adlube de Permuta em Juiz de Fora cresceu mais de 100% no per\u00edodo de tr\u00eas anos. O fundador Leonardo Bortoletto, afirma para esta coluna, que o Clube de Permuta nasceu literalmente de um sonho com no\u00e7\u00e3o de software, portal e plataforma colocada em pr\u00e1tica e [&hellip;]<\/p>\n","protected":false},"author":96,"featured_media":155108,"comment_status":"closed","ping_status":"closed","sticky":false,"template":"","format":"standard","meta":{"footnotes":""},"categories":[264],"tags":[],"class_list":["post-155107","post","type-post","status-publish","format-standard","has-post-thumbnail","hentry","category-eduardo-gomes"],"_links":{"self":[{"href":"https:\/\/diarioregionaldigital.com.br\/index.php?rest_route=\/wp\/v2\/posts\/155107","targetHints":{"allow":["GET"]}}],"collection":[{"href":"https:\/\/diarioregionaldigital.com.br\/index.php?rest_route=\/wp\/v2\/posts"}],"about":[{"href":"https:\/\/diarioregionaldigital.com.br\/index.php?rest_route=\/wp\/v2\/types\/post"}],"author":[{"embeddable":true,"href":"https:\/\/diarioregionaldigital.com.br\/index.php?rest_route=\/wp\/v2\/users\/96"}],"replies":[{"embeddable":true,"href":"https:\/\/diarioregionaldigital.com.br\/index.php?rest_route=%2Fwp%2Fv2%2Fcomments&post=155107"}],"version-history":[{"count":0,"href":"https:\/\/diarioregionaldigital.com.br\/index.php?rest_route=\/wp\/v2\/posts\/155107\/revisions"}],"wp:featuredmedia":[{"embeddable":true,"href":"https:\/\/diarioregionaldigital.com.br\/index.php?rest_route=\/wp\/v2\/media\/155108"}],"wp:attachment":[{"href":"https:\/\/diarioregionaldigital.com.br\/index.php?rest_route=%2Fwp%2Fv2%2Fmedia&parent=155107"}],"wp:term":[{"taxonomy":"category","embeddable":true,"href":"https:\/\/diarioregionaldigital.com.br\/index.php?rest_route=%2Fwp%2Fv2%2Fcategories&post=155107"},{"taxonomy":"post_tag","embeddable":true,"href":"https:\/\/diarioregionaldigital.com.br\/index.php?rest_route=%2Fwp%2Fv2%2Ftags&post=155107"}],"curies":[{"name":"wp","href":"https:\/\/api.w.org\/{rel}","templated":true}]}}