{"id":155097,"date":"2020-02-07T11:35:18","date_gmt":"2020-02-07T13:35:18","guid":{"rendered":"https:\/\/diarioregionaldigital.com.br\/?p=155097"},"modified":"2020-02-07T11:35:18","modified_gmt":"2020-02-07T13:35:18","slug":"campanha-nacional-de-vacinacao-contra-o-sarampo-comeca-na-segunda-feira-em-jf","status":"publish","type":"post","link":"https:\/\/diarioregionaldigital.com.br\/?p=155097","title":{"rendered":"Campanha Nacional de Vacina\u00e7\u00e3o Contra o Sarampo come\u00e7a na segunda-feira em JF"},"content":{"rendered":"<p>Ter\u00e1 in\u00edcio nesta segunda-feira (10), a Campanha Nacional de Vacina\u00e7\u00e3o Contra o Sarampo em Juiz de Fora. Nesta fase ser\u00e3o atendidas crian\u00e7as e adolescentes de cinco a 19 anos que ainda n\u00e3o t\u00eam duas doses da \u201ctr\u00edplice viral\u201d registradas no cart\u00e3o, conforme recomendado pelo Minist\u00e9rio da Sa\u00fade (MS). O p\u00fablico-alvo deve se dirigir a uma das 63 unidades b\u00e1sicas de Sa\u00fade (UBSs), Pronto Atendimento M\u00e9dico (PAM-Marechal) ou Departamento de Sa\u00fade da Mulher, Crian\u00e7a e do Adolescente (DSMCA), onde todas as doses estar\u00e3o disponibilizadas.<\/p>\n<p>Segundo a supervisora do Setor de Imuniza\u00e7\u00e3o da Secretaria de Sa\u00fade (SS) da Prefeitura de Juiz de Fora (PJF), Marcilene Chaves, a expectativa \u00e9 de que a maioria do p\u00fablico-alvo j\u00e1 tenha as doses em dia, uma vez que devem ser tomadas aos 12 e 15 meses. Ela avalia a campanha como \u201cmomento importante, onde geralmente h\u00e1 mais procura pela vacina, principalmente por parte dos jovens. Al\u00e9m do sarampo, aproveitamos para verificar e atualizar, caso necess\u00e1rio, as cadernetas de vacina\u00e7\u00e3o\u201d.<\/p>\n<p>&nbsp;<\/p>\n<p><strong>Contraindica\u00e7\u00f5es da vacina<\/strong><\/p>\n<p>A vacina \u00e9 contraindicada em registro de imunodefici\u00eancias cong\u00eanitas ou adquiridas (cl\u00ednica ou laboratorial grave), infec\u00e7\u00e3o pelo HIV em pessoas com taxas de CD4 (c\u00e9lulas do sistema imunol\u00f3gico) menor que 15%, gestantes e pessoas com alergia grave aos componentes da f\u00f3rmula.<\/p>\n<p>&nbsp;<\/p>\n<p><strong>Hor\u00e1rio de funcionamento das salas de vacina\u00e7\u00e3o:<\/strong><\/p>\n<p>&#8211; Unidades B\u00e1sicas de Sa\u00fade &#8211; segunda a sexta-feira, das 8 \u00e0s 10h30 e 13h30 \u00e0s 16 horas.<\/p>\n<p>&#8211; PAM Marechal &#8211; segunda a sexta-feira, das 8 horas \u00e0s 15h30<\/p>\n<p>&#8211; Departamento da Mulher, da Crian\u00e7a e do Adolescente (DSMCA) &#8211; segunda a sexta-feira, das 8 horas \u00e0s 15h30<\/p>\n<p>&nbsp;<\/p>\n<p><strong>Fonte:\u00a0<\/strong>Assessoria<\/p>\n","protected":false},"excerpt":{"rendered":"<p>Ter\u00e1 in\u00edcio nesta segunda-feira (10), a Campanha Nacional de Vacina\u00e7\u00e3o Contra o Sarampo em Juiz de Fora. Nesta fase ser\u00e3o atendidas crian\u00e7as e adolescentes de cinco a 19 anos que ainda n\u00e3o t\u00eam duas doses da \u201ctr\u00edplice viral\u201d registradas no cart\u00e3o, conforme recomendado pelo Minist\u00e9rio da Sa\u00fade (MS). O p\u00fablico-alvo deve se dirigir a uma [&hellip;]<\/p>\n","protected":false},"author":96,"featured_media":155098,"comment_status":"closed","ping_status":"closed","sticky":false,"template":"","format":"standard","meta":{"footnotes":""},"categories":[253,436,440,439],"tags":[],"class_list":["post-155097","post","type-post","status-publish","format-standard","has-post-thumbnail","hentry","category-cidade","category-destaque-da-semana","category-destaques-do-dia","category-ultima-hora"],"_links":{"self":[{"href":"https:\/\/diarioregionaldigital.com.br\/index.php?rest_route=\/wp\/v2\/posts\/155097","targetHints":{"allow":["GET"]}}],"collection":[{"href":"https:\/\/diarioregionaldigital.com.br\/index.php?rest_route=\/wp\/v2\/posts"}],"about":[{"href":"https:\/\/diarioregionaldigital.com.br\/index.php?rest_route=\/wp\/v2\/types\/post"}],"author":[{"embeddable":true,"href":"https:\/\/diarioregionaldigital.com.br\/index.php?rest_route=\/wp\/v2\/users\/96"}],"replies":[{"embeddable":true,"href":"https:\/\/diarioregionaldigital.com.br\/index.php?rest_route=%2Fwp%2Fv2%2Fcomments&post=155097"}],"version-history":[{"count":0,"href":"https:\/\/diarioregionaldigital.com.br\/index.php?rest_route=\/wp\/v2\/posts\/155097\/revisions"}],"wp:featuredmedia":[{"embeddable":true,"href":"https:\/\/diarioregionaldigital.com.br\/index.php?rest_route=\/wp\/v2\/media\/155098"}],"wp:attachment":[{"href":"https:\/\/diarioregionaldigital.com.br\/index.php?rest_route=%2Fwp%2Fv2%2Fmedia&parent=155097"}],"wp:term":[{"taxonomy":"category","embeddable":true,"href":"https:\/\/diarioregionaldigital.com.br\/index.php?rest_route=%2Fwp%2Fv2%2Fcategories&post=155097"},{"taxonomy":"post_tag","embeddable":true,"href":"https:\/\/diarioregionaldigital.com.br\/index.php?rest_route=%2Fwp%2Fv2%2Ftags&post=155097"}],"curies":[{"name":"wp","href":"https:\/\/api.w.org\/{rel}","templated":true}]}}