{"id":155085,"date":"2020-02-07T11:27:31","date_gmt":"2020-02-07T13:27:31","guid":{"rendered":"https:\/\/diarioregionaldigital.com.br\/?p=155085"},"modified":"2020-02-07T11:27:31","modified_gmt":"2020-02-07T13:27:31","slug":"projeto-preve-indenizacao-para-cidadao-lesado-administrativamente-em-sua-atividade-economica","status":"publish","type":"post","link":"https:\/\/diarioregionaldigital.com.br\/?p=155085","title":{"rendered":"Projeto prev\u00ea indeniza\u00e7\u00e3o para cidad\u00e3o lesado administrativamente em sua atividade econ\u00f4mica"},"content":{"rendered":"<p>O Projeto de Lei 6098\/19 estabelece que o cidad\u00e3o lesado por medidas ou san\u00e7\u00f5es administrativas que restrinjam ilegalmente o exerc\u00edcio da sua atividade econ\u00f4mica ser\u00e1 indenizado civilmente, inclusive acerca de preju\u00edzos e lucros cessantes. A proposta acrescenta a medida \u00e0 Lei da Liberdade Econ\u00f4mica (Lei 13.874\/19) e tramita na C\u00e2mara dos Deputados.<\/p>\n<p>O texto foi apresentado pelo deputado Jer\u00f4nimo Goergen (PP-RS). \u201cNa comiss\u00e3o especial para an\u00e1lise da Medida Provis\u00f3ria 881\/19, que instituiu a Declara\u00e7\u00e3o de Direitos de Liberdade Econ\u00f4mica, essa proposta foi adicionada ao projeto de lei de convers\u00e3o, por\u00e9m acabou sendo retirada durante a tramita\u00e7\u00e3o, em meio a negocia\u00e7\u00f5es para a aprova\u00e7\u00e3o de um texto mais enxuto\u201d, explicou o parlamentar, ao apresentar o projeto.<\/p>\n<p>A Lei 13.874\/19 estabelece normas de prote\u00e7\u00e3o \u00e0 livre iniciativa e ao livre exerc\u00edcio de atividade econ\u00f4mica, adotando medidas para desburocratizar e tornar o mercado competitivo, com gera\u00e7\u00e3o de emprego e renda.<\/p>\n<p>&nbsp;<\/p>\n<p><strong>Tramita\u00e7\u00e3o<\/strong><\/p>\n<p>O projeto tramita em car\u00e1ter conclusivo e ser\u00e1 analisado pelas comiss\u00f5es de Trabalho, de Administra\u00e7\u00e3o e Servi\u00e7o P\u00fablico; de Desenvolvimento Econ\u00f4mico, Ind\u00fastria, Com\u00e9rcio e Servi\u00e7os; e de Constitui\u00e7\u00e3o e Justi\u00e7a e de Cidadania.<\/p>\n<p>&nbsp;<\/p>\n<p><strong>Fonte:\u00a0<\/strong>Ag\u00eancia C\u00e2mara<\/p>\n","protected":false},"excerpt":{"rendered":"<p>O Projeto de Lei 6098\/19 estabelece que o cidad\u00e3o lesado por medidas ou san\u00e7\u00f5es administrativas que restrinjam ilegalmente o exerc\u00edcio da sua atividade econ\u00f4mica ser\u00e1 indenizado civilmente, inclusive acerca de preju\u00edzos e lucros cessantes. A proposta acrescenta a medida \u00e0 Lei da Liberdade Econ\u00f4mica (Lei 13.874\/19) e tramita na C\u00e2mara dos Deputados. O texto foi [&hellip;]<\/p>\n","protected":false},"author":96,"featured_media":155086,"comment_status":"closed","ping_status":"closed","sticky":false,"template":"","format":"standard","meta":{"footnotes":""},"categories":[436,261,439],"tags":[],"class_list":["post-155085","post","type-post","status-publish","format-standard","has-post-thumbnail","hentry","category-destaque-da-semana","category-economia","category-ultima-hora"],"_links":{"self":[{"href":"https:\/\/diarioregionaldigital.com.br\/index.php?rest_route=\/wp\/v2\/posts\/155085","targetHints":{"allow":["GET"]}}],"collection":[{"href":"https:\/\/diarioregionaldigital.com.br\/index.php?rest_route=\/wp\/v2\/posts"}],"about":[{"href":"https:\/\/diarioregionaldigital.com.br\/index.php?rest_route=\/wp\/v2\/types\/post"}],"author":[{"embeddable":true,"href":"https:\/\/diarioregionaldigital.com.br\/index.php?rest_route=\/wp\/v2\/users\/96"}],"replies":[{"embeddable":true,"href":"https:\/\/diarioregionaldigital.com.br\/index.php?rest_route=%2Fwp%2Fv2%2Fcomments&post=155085"}],"version-history":[{"count":0,"href":"https:\/\/diarioregionaldigital.com.br\/index.php?rest_route=\/wp\/v2\/posts\/155085\/revisions"}],"wp:featuredmedia":[{"embeddable":true,"href":"https:\/\/diarioregionaldigital.com.br\/index.php?rest_route=\/wp\/v2\/media\/155086"}],"wp:attachment":[{"href":"https:\/\/diarioregionaldigital.com.br\/index.php?rest_route=%2Fwp%2Fv2%2Fmedia&parent=155085"}],"wp:term":[{"taxonomy":"category","embeddable":true,"href":"https:\/\/diarioregionaldigital.com.br\/index.php?rest_route=%2Fwp%2Fv2%2Fcategories&post=155085"},{"taxonomy":"post_tag","embeddable":true,"href":"https:\/\/diarioregionaldigital.com.br\/index.php?rest_route=%2Fwp%2Fv2%2Ftags&post=155085"}],"curies":[{"name":"wp","href":"https:\/\/api.w.org\/{rel}","templated":true}]}}