{"id":155082,"date":"2020-02-07T11:25:28","date_gmt":"2020-02-07T13:25:28","guid":{"rendered":"https:\/\/diarioregionaldigital.com.br\/?p=155082"},"modified":"2020-02-07T11:25:28","modified_gmt":"2020-02-07T13:25:28","slug":"ross-brawn-afirma-que-gp-da-china-nao-sera-cancelado-de-imediato","status":"publish","type":"post","link":"https:\/\/diarioregionaldigital.com.br\/?p=155082","title":{"rendered":"Ross Brawn afirma que GP da China n\u00e3o ser\u00e1 cancelado de imediato"},"content":{"rendered":"<p>O diretor esportivo da F\u00f3rmula 1, Ross Brawn, declarou nessa semana que o Grande Pr\u00eamio da China n\u00e3o ser\u00e1 cancelado de imediato, mas existe possibilidade de ser adiado para o fim do ano, caso a epidemia do coronav\u00edrus n\u00e3o esteja normalizada. Foi o que disse em entrevista ao site <em>Autosport<\/em>:<\/p>\n<p>&nbsp;<\/p>\n<p>\u201cEu acho, que se n\u00e3o for poss\u00edvel ser realizado em abril, ser\u00e1 adiado\u201d.<\/p>\n<p>&nbsp;<\/p>\n<p>Durante a semana havia rumores de que a Federa\u00e7\u00e3o Internacional de Automobilismo (FIA) pensaria na hip\u00f3tese de fazer uma troca com outra corrida, j\u00e1 inclusa no calend\u00e1rio, no entanto Ross Brawn nega:<\/p>\n<p>&nbsp;<\/p>\n<p>\u201cProvavelmente n\u00e3o faremos isso. N\u00f3s iremos encontrar uma janela livre para que a corrida possa ser realizada no final do ano\u201d.<\/p>\n<p>&nbsp;<\/p>\n<p>Uma outra solu\u00e7\u00e3o, segundo os cartolas da F1 e tamb\u00e9m os organizadores do GP da China, seria estender o calend\u00e1rio oficial para o m\u00eas de dezembro. No entanto segundo Ross Brawn, as equipes n\u00e3o seriam a favor desta alternativa:<\/p>\n<p>&nbsp;<\/p>\n<p>\u201cParece muito dif\u00edcil. Estamos aguardando os promotores e autoridades chinesas, para tomar uma decis\u00e3o oficial. Eles cancelaram todos os eventos p\u00fablicos no m\u00eas de mar\u00e7o, ou seja, sem eventos esportivos ou atividades. \u00c9 uma situa\u00e7\u00e3o muito complicada e acho que vamos tomar uma decis\u00e3o em uma ou duas semanas\u201d.<\/p>\n<p>&nbsp;<\/p>\n<p>Outro problema que \u00e9 levado em conta pelos dirigentes \u00e9 a quest\u00e3o da log\u00edstica. Os carros e equipamentos s\u00e3o levados em meios de transportes diferentes para respectivos pa\u00edses. No caso da China, eles s\u00e3o levados por navio e existe prazo para que os equipamentos cheguem at\u00e9 o destino:<\/p>\n<p>&nbsp;<\/p>\n<p>\u201cH\u00e1 duas datas para o transporte: uma \u00e9 nessa semana e uma na pr\u00f3xima. \u00c9 um grande desafio para as pessoas que trabalham na corrida, ent\u00e3o \u00e9 uma situa\u00e7\u00e3o cr\u00edtica\u201d concluiu.<\/p>\n<p>&nbsp;<\/p>\n<p>&nbsp;<\/p>\n","protected":false},"excerpt":{"rendered":"<p>O diretor esportivo da F\u00f3rmula 1, Ross Brawn, declarou nessa semana que o Grande Pr\u00eamio da China n\u00e3o ser\u00e1 cancelado de imediato, mas existe possibilidade de ser adiado para o fim do ano, caso a epidemia do coronav\u00edrus n\u00e3o esteja normalizada. Foi o que disse em entrevista ao site Autosport: &nbsp; \u201cEu acho, que se [&hellip;]<\/p>\n","protected":false},"author":96,"featured_media":155083,"comment_status":"closed","ping_status":"closed","sticky":false,"template":"","format":"standard","meta":{"footnotes":""},"categories":[436,257,439],"tags":[],"class_list":["post-155082","post","type-post","status-publish","format-standard","has-post-thumbnail","hentry","category-destaque-da-semana","category-esporte","category-ultima-hora"],"_links":{"self":[{"href":"https:\/\/diarioregionaldigital.com.br\/index.php?rest_route=\/wp\/v2\/posts\/155082","targetHints":{"allow":["GET"]}}],"collection":[{"href":"https:\/\/diarioregionaldigital.com.br\/index.php?rest_route=\/wp\/v2\/posts"}],"about":[{"href":"https:\/\/diarioregionaldigital.com.br\/index.php?rest_route=\/wp\/v2\/types\/post"}],"author":[{"embeddable":true,"href":"https:\/\/diarioregionaldigital.com.br\/index.php?rest_route=\/wp\/v2\/users\/96"}],"replies":[{"embeddable":true,"href":"https:\/\/diarioregionaldigital.com.br\/index.php?rest_route=%2Fwp%2Fv2%2Fcomments&post=155082"}],"version-history":[{"count":0,"href":"https:\/\/diarioregionaldigital.com.br\/index.php?rest_route=\/wp\/v2\/posts\/155082\/revisions"}],"wp:featuredmedia":[{"embeddable":true,"href":"https:\/\/diarioregionaldigital.com.br\/index.php?rest_route=\/wp\/v2\/media\/155083"}],"wp:attachment":[{"href":"https:\/\/diarioregionaldigital.com.br\/index.php?rest_route=%2Fwp%2Fv2%2Fmedia&parent=155082"}],"wp:term":[{"taxonomy":"category","embeddable":true,"href":"https:\/\/diarioregionaldigital.com.br\/index.php?rest_route=%2Fwp%2Fv2%2Fcategories&post=155082"},{"taxonomy":"post_tag","embeddable":true,"href":"https:\/\/diarioregionaldigital.com.br\/index.php?rest_route=%2Fwp%2Fv2%2Ftags&post=155082"}],"curies":[{"name":"wp","href":"https:\/\/api.w.org\/{rel}","templated":true}]}}