{"id":155073,"date":"2020-02-07T11:20:10","date_gmt":"2020-02-07T13:20:10","guid":{"rendered":"https:\/\/diarioregionaldigital.com.br\/?p=155073"},"modified":"2020-02-07T11:40:56","modified_gmt":"2020-02-07T13:40:56","slug":"guarda-municipal-treina-efetivo-para-atuar-no-carnaval","status":"publish","type":"post","link":"https:\/\/diarioregionaldigital.com.br\/?p=155073","title":{"rendered":"Guarda Municipal treina efetivo para atuar no carnaval"},"content":{"rendered":"<p>A Guarda Municipal (GM), da Prefeitura de Juiz de Fora (PJF), realizou intenso treinamento durante essa \u00faltima quarta-feira (5), com foco nos eventos carnavalescos na cidade, que come\u00e7am oficialmente nesta sexta-feira (7). Com \u00eanfase no patrulhamento preventivo e na seguran\u00e7a da popula\u00e7\u00e3o que utiliza os bens, servi\u00e7os e instala\u00e7\u00f5es municipais, a corpora\u00e7\u00e3o tamb\u00e9m est\u00e1 capacitada para dar apoio aos outros \u00f3rg\u00e3os da Prefeitura envolvidos na promo\u00e7\u00e3o dos eventos.<\/p>\n<p>As instru\u00e7\u00f5es tiveram dois eixos de ensinamentos, divididos em planejamento e t\u00e1tica. Primeiramente, foi anunciado pelo subcomandante Ricardo Loures todo o planejamento da corpora\u00e7\u00e3o para os dias de folia, com seu quantitativo e composi\u00e7\u00e3o das equipes e como funcionar\u00e1 o apoio aos diversos setores da PJF, al\u00e9m das ordens de servi\u00e7os. O segundo treinamento foi realizado pelo supervisor Leonardo Moreira de Carvalho e pelos instrutores e guardas municipais Eduardo Gesualdo Melo e Jo\u00e3o Athouguia Hip\u00f3lito, focado na t\u00e9cnica e no operacional do servi\u00e7o a ser desenvolvido. Posicionamento, comando, media\u00e7\u00e3o, uso progressivo da for\u00e7a, t\u00e9cnicas de conten\u00e7\u00e3o, estado de alerta, refor\u00e7o sobre a nova legisla\u00e7\u00e3o relacionada ao abuso de autoridade e o respeito ao cidad\u00e3o foram os temas expostos.<\/p>\n<p>Para a comandante da GM, Emilce de Castro, o preparo possibilita atua\u00e7\u00e3o cada vez mais positiva: \u201cSegundo a Lei Federal 13.022\/2014, que \u00e9 o nosso estatuto, os guardas v\u00e3o para as ruas cientes de sua miss\u00e3o, que \u00e9 a preven\u00e7\u00e3o. O objetivo do processo de capacita\u00e7\u00e3o \u00e9 o aprimoramento das a\u00e7\u00f5es, e esse olhar voltado para um tipo espec\u00edfico de evento, como o carnaval, que geralmente envolve n\u00famero elevado de pessoas. Assim, o nosso efetivo \u00e9 preparado para agir de acordo com a situa\u00e7\u00e3o que possa aparecer, sempre respeitando os princ\u00edpios da legalidade, necessidade, razoabilidade e proporcionalidade\u201d. A corpora\u00e7\u00e3o pode ser acionada atrav\u00e9s do n\u00famero 153.<\/p>\n<p>&nbsp;<\/p>\n<p><strong>Fonte:\u00a0<\/strong>Assessoria<\/p>\n","protected":false},"excerpt":{"rendered":"<p>A Guarda Municipal (GM), da Prefeitura de Juiz de Fora (PJF), realizou intenso treinamento durante essa \u00faltima quarta-feira (5), com foco nos eventos carnavalescos na cidade, que come\u00e7am oficialmente nesta sexta-feira (7). Com \u00eanfase no patrulhamento preventivo e na seguran\u00e7a da popula\u00e7\u00e3o que utiliza os bens, servi\u00e7os e instala\u00e7\u00f5es municipais, a corpora\u00e7\u00e3o tamb\u00e9m est\u00e1 capacitada [&hellip;]<\/p>\n","protected":false},"author":96,"featured_media":155074,"comment_status":"closed","ping_status":"closed","sticky":false,"template":"","format":"standard","meta":{"footnotes":""},"categories":[253,436,440,439],"tags":[],"class_list":["post-155073","post","type-post","status-publish","format-standard","has-post-thumbnail","hentry","category-cidade","category-destaque-da-semana","category-destaques-do-dia","category-ultima-hora"],"_links":{"self":[{"href":"https:\/\/diarioregionaldigital.com.br\/index.php?rest_route=\/wp\/v2\/posts\/155073","targetHints":{"allow":["GET"]}}],"collection":[{"href":"https:\/\/diarioregionaldigital.com.br\/index.php?rest_route=\/wp\/v2\/posts"}],"about":[{"href":"https:\/\/diarioregionaldigital.com.br\/index.php?rest_route=\/wp\/v2\/types\/post"}],"author":[{"embeddable":true,"href":"https:\/\/diarioregionaldigital.com.br\/index.php?rest_route=\/wp\/v2\/users\/96"}],"replies":[{"embeddable":true,"href":"https:\/\/diarioregionaldigital.com.br\/index.php?rest_route=%2Fwp%2Fv2%2Fcomments&post=155073"}],"version-history":[{"count":0,"href":"https:\/\/diarioregionaldigital.com.br\/index.php?rest_route=\/wp\/v2\/posts\/155073\/revisions"}],"wp:featuredmedia":[{"embeddable":true,"href":"https:\/\/diarioregionaldigital.com.br\/index.php?rest_route=\/wp\/v2\/media\/155074"}],"wp:attachment":[{"href":"https:\/\/diarioregionaldigital.com.br\/index.php?rest_route=%2Fwp%2Fv2%2Fmedia&parent=155073"}],"wp:term":[{"taxonomy":"category","embeddable":true,"href":"https:\/\/diarioregionaldigital.com.br\/index.php?rest_route=%2Fwp%2Fv2%2Fcategories&post=155073"},{"taxonomy":"post_tag","embeddable":true,"href":"https:\/\/diarioregionaldigital.com.br\/index.php?rest_route=%2Fwp%2Fv2%2Ftags&post=155073"}],"curies":[{"name":"wp","href":"https:\/\/api.w.org\/{rel}","templated":true}]}}