{"id":155067,"date":"2020-02-07T11:16:29","date_gmt":"2020-02-07T13:16:29","guid":{"rendered":"https:\/\/diarioregionaldigital.com.br\/?p=155067"},"modified":"2020-02-07T11:16:29","modified_gmt":"2020-02-07T13:16:29","slug":"representantes-do-ibge-buscam-apoio-na-camara-para-gratuidade-de-transporte-dos-recenseadores-durante-censo-2020","status":"publish","type":"post","link":"https:\/\/diarioregionaldigital.com.br\/?p=155067","title":{"rendered":"Representantes do IBGE buscam apoio na C\u00e2mara para gratuidade de transporte dos recenseadores durante Censo 2020"},"content":{"rendered":"<p>Em busca do apoio do Poder Legislativo para conseguir a gratuidade do transporte p\u00fablico para os recenseadores do Censo 2020, representantes do Instituto Brasileiro de Geografia e Estat\u00edstica (IBGE) reuniram-se com os vereadores Wanderson Castelar (PT) e Luiz Ot\u00e1vio Coelho Fernandes &#8211; Pardal (PTC), presidente da Casa. Al\u00e9m da media\u00e7\u00e3o com a prefeitura para a concess\u00e3o do benef\u00edcio aos profissionais, tamb\u00e9m foram pleiteadas a cess\u00e3o de um espa\u00e7o, no pr\u00e9dio da C\u00e2mara, para funcionar como ponto de apoio na coleta de informa\u00e7\u00f5es, e aux\u00edlio na divulga\u00e7\u00e3o do processo seletivo de recenseadores. Para potencializar a divulga\u00e7\u00e3o da contrata\u00e7\u00e3o de\u00a0 novos recenseadores e as orienta\u00e7\u00f5es para a popula\u00e7\u00e3o com rela\u00e7\u00e3o ao Censo, ser\u00e1 proposta uma Tribuna Livre com representante do IBGE, ainda sem data definida.<\/p>\n<p>De acordo com a coordenadora do Censo em Juiz de Fora, Ana C\u00e2ndida Gontijo Paiva, h\u00e1 ao todo 591 profissionais que ir\u00e3o percorrer todos os bairros da cidade, sendo 520 recenseadores e 71 supervisores. \u201cN\u00f3s viemos pedir apoio para a gratuidade e tamb\u00e9m um suporte log\u00edstico, porque precisaremos de um ponto de apoio. Nosso trabalho com a coleta dos dados come\u00e7a em 1\u00ba de agosto e se estende at\u00e9 31 de outubro\u201d.<\/p>\n<p>Castelar explicou que h\u00e1 uma reuni\u00e3o j\u00e1 sendo agendada com a prefeitura para buscar viabilizar a gratuidade. \u201cEmbora a Lei Org\u00e2nica n\u00e3o preveja a concess\u00e3o de gratuidade, durante o Censo de 2010, j\u00e1 na vig\u00eancia da atual Lei Org\u00e2nica, os recenseadores tiveram o benef\u00edcio concedido pelo ent\u00e3o prefeito Cust\u00f3dio Mattos. \u00c9 uma quest\u00e3o agora de buscar di\u00e1logo com o Executivo\u201d.<\/p>\n<p>Quanto \u00e0 cess\u00e3o de espa\u00e7o para profissionais do IBGE durante o Censo, Pardal destacou que, no momento, o espa\u00e7o est\u00e1 ocupado pelos profissionais do TRE para recadastramento de biometria e ser\u00e1 avaliado o empr\u00e9stimo do lugar, a partir de maio, ao Censo 2020. Ele lembrou ainda que outro caminho poss\u00edvel \u00e9 buscar a media\u00e7\u00e3o com os respons\u00e1veis pelas empresas de transporte \u201cpara a sensibilidade da import\u00e2ncia do trabalho dos recenseadores para Juiz de Fora\u201d.<\/p>\n<p>&nbsp;<\/p>\n<p><strong>Fonte:\u00a0<\/strong>Assessoria<\/p>\n","protected":false},"excerpt":{"rendered":"<p>Em busca do apoio do Poder Legislativo para conseguir a gratuidade do transporte p\u00fablico para os recenseadores do Censo 2020, representantes do Instituto Brasileiro de Geografia e Estat\u00edstica (IBGE) reuniram-se com os vereadores Wanderson Castelar (PT) e Luiz Ot\u00e1vio Coelho Fernandes &#8211; Pardal (PTC), presidente da Casa. Al\u00e9m da media\u00e7\u00e3o com a prefeitura para a [&hellip;]<\/p>\n","protected":false},"author":96,"featured_media":155068,"comment_status":"closed","ping_status":"closed","sticky":false,"template":"","format":"standard","meta":{"footnotes":""},"categories":[253,436,439],"tags":[],"class_list":["post-155067","post","type-post","status-publish","format-standard","has-post-thumbnail","hentry","category-cidade","category-destaque-da-semana","category-ultima-hora"],"_links":{"self":[{"href":"https:\/\/diarioregionaldigital.com.br\/index.php?rest_route=\/wp\/v2\/posts\/155067","targetHints":{"allow":["GET"]}}],"collection":[{"href":"https:\/\/diarioregionaldigital.com.br\/index.php?rest_route=\/wp\/v2\/posts"}],"about":[{"href":"https:\/\/diarioregionaldigital.com.br\/index.php?rest_route=\/wp\/v2\/types\/post"}],"author":[{"embeddable":true,"href":"https:\/\/diarioregionaldigital.com.br\/index.php?rest_route=\/wp\/v2\/users\/96"}],"replies":[{"embeddable":true,"href":"https:\/\/diarioregionaldigital.com.br\/index.php?rest_route=%2Fwp%2Fv2%2Fcomments&post=155067"}],"version-history":[{"count":0,"href":"https:\/\/diarioregionaldigital.com.br\/index.php?rest_route=\/wp\/v2\/posts\/155067\/revisions"}],"wp:featuredmedia":[{"embeddable":true,"href":"https:\/\/diarioregionaldigital.com.br\/index.php?rest_route=\/wp\/v2\/media\/155068"}],"wp:attachment":[{"href":"https:\/\/diarioregionaldigital.com.br\/index.php?rest_route=%2Fwp%2Fv2%2Fmedia&parent=155067"}],"wp:term":[{"taxonomy":"category","embeddable":true,"href":"https:\/\/diarioregionaldigital.com.br\/index.php?rest_route=%2Fwp%2Fv2%2Fcategories&post=155067"},{"taxonomy":"post_tag","embeddable":true,"href":"https:\/\/diarioregionaldigital.com.br\/index.php?rest_route=%2Fwp%2Fv2%2Ftags&post=155067"}],"curies":[{"name":"wp","href":"https:\/\/api.w.org\/{rel}","templated":true}]}}