{"id":154980,"date":"2020-02-08T10:00:01","date_gmt":"2020-02-08T12:00:01","guid":{"rendered":"https:\/\/diarioregionaldigital.com.br\/?p=154980"},"modified":"2020-02-06T16:36:35","modified_gmt":"2020-02-06T18:36:35","slug":"tupi-estreia-pelo-modulo-ii-diante-do-pouso-alegre","status":"publish","type":"post","link":"https:\/\/diarioregionaldigital.com.br\/?p=154980","title":{"rendered":"Tupi estreia pelo M\u00f3dulo II diante do Pouso Alegre"},"content":{"rendered":"<p><span style=\"font-weight: 400;\">Ap\u00f3s quase 9 meses sem disputar um jogo oficial, o Tupi entra em campo neste s\u00e1bado (8), diante do Pouso Alegre, \u00e0s 15h00, no Est\u00e1dio Manduz\u00e3o. As duas equipes fazem suas estreias pelo M\u00f3dulo II do Campeonato Mineiro.\u00a0<\/span><\/p>\n<p><b>Jogos da rodada:<\/b><\/p>\n<p><span style=\"font-weight: 400;\">Athletic Club x Democrata de Sete Lagoas (08\/02 &#8211; Est\u00e1dio Joaquim Portugal, 15h00)<\/span><\/p>\n<p>&nbsp;<\/p>\n<p><span style=\"font-weight: 400;\">Pouso Alegre x <\/span><b>Tupi <\/b><span style=\"font-weight: 400;\">(08\/02 &#8211; Est\u00e1dio Manduz\u00e3o, 15h00)<\/span><\/p>\n<p>&nbsp;<\/p>\n<p><span style=\"font-weight: 400;\">Guarani x Betim (08\/02 &#8211; Est\u00e1dio Fari\u00e3o, 15h00)<\/span><\/p>\n<p>&nbsp;<\/p>\n<p><span style=\"font-weight: 400;\">Mamor\u00e9 x Democrata de Governador Valadares (08\/02 &#8211; Est\u00e1dio Bernardo Queiroz, 15h30)<\/span><\/p>\n<p>&nbsp;<\/p>\n<p><span style=\"font-weight: 400;\">Serranense x Nacional de Muria\u00e9 (08\/02 &#8211; Est\u00e1dio do Cal\u00e7ado, 16h00)<\/span><\/p>\n<p>&nbsp;<\/p>\n<p><span style=\"font-weight: 400;\">CAP Uberl\u00e2ndia x Ipatinga (08\/02 &#8211; Est\u00e1dio Parque do Sabi\u00e1, 16h00)<\/span><\/p>\n","protected":false},"excerpt":{"rendered":"<p>Ap\u00f3s quase 9 meses sem disputar um jogo oficial, o Tupi entra em campo neste s\u00e1bado (8), diante do Pouso Alegre, \u00e0s 15h00, no Est\u00e1dio Manduz\u00e3o. As duas equipes fazem suas estreias pelo M\u00f3dulo II do Campeonato Mineiro.\u00a0 Jogos da rodada: Athletic Club x Democrata de Sete Lagoas (08\/02 &#8211; Est\u00e1dio Joaquim Portugal, 15h00) &nbsp; [&hellip;]<\/p>\n","protected":false},"author":96,"featured_media":154981,"comment_status":"closed","ping_status":"closed","sticky":false,"template":"","format":"standard","meta":{"footnotes":""},"categories":[436,257,439],"tags":[],"class_list":["post-154980","post","type-post","status-publish","format-standard","has-post-thumbnail","hentry","category-destaque-da-semana","category-esporte","category-ultima-hora"],"_links":{"self":[{"href":"https:\/\/diarioregionaldigital.com.br\/index.php?rest_route=\/wp\/v2\/posts\/154980","targetHints":{"allow":["GET"]}}],"collection":[{"href":"https:\/\/diarioregionaldigital.com.br\/index.php?rest_route=\/wp\/v2\/posts"}],"about":[{"href":"https:\/\/diarioregionaldigital.com.br\/index.php?rest_route=\/wp\/v2\/types\/post"}],"author":[{"embeddable":true,"href":"https:\/\/diarioregionaldigital.com.br\/index.php?rest_route=\/wp\/v2\/users\/96"}],"replies":[{"embeddable":true,"href":"https:\/\/diarioregionaldigital.com.br\/index.php?rest_route=%2Fwp%2Fv2%2Fcomments&post=154980"}],"version-history":[{"count":0,"href":"https:\/\/diarioregionaldigital.com.br\/index.php?rest_route=\/wp\/v2\/posts\/154980\/revisions"}],"wp:featuredmedia":[{"embeddable":true,"href":"https:\/\/diarioregionaldigital.com.br\/index.php?rest_route=\/wp\/v2\/media\/154981"}],"wp:attachment":[{"href":"https:\/\/diarioregionaldigital.com.br\/index.php?rest_route=%2Fwp%2Fv2%2Fmedia&parent=154980"}],"wp:term":[{"taxonomy":"category","embeddable":true,"href":"https:\/\/diarioregionaldigital.com.br\/index.php?rest_route=%2Fwp%2Fv2%2Fcategories&post=154980"},{"taxonomy":"post_tag","embeddable":true,"href":"https:\/\/diarioregionaldigital.com.br\/index.php?rest_route=%2Fwp%2Fv2%2Ftags&post=154980"}],"curies":[{"name":"wp","href":"https:\/\/api.w.org\/{rel}","templated":true}]}}