{"id":154971,"date":"2020-02-06T16:02:34","date_gmt":"2020-02-06T18:02:34","guid":{"rendered":"https:\/\/diarioregionaldigital.com.br\/?p=154971"},"modified":"2020-02-06T16:02:34","modified_gmt":"2020-02-06T18:02:34","slug":"prefeitura-lanca-oficialmente-o-projeto-rede-em-alerta-nesta-sexta-feira","status":"publish","type":"post","link":"https:\/\/diarioregionaldigital.com.br\/?p=154971","title":{"rendered":"Prefeitura lan\u00e7a oficialmente o projeto \u201cRede em Alerta\u201d nesta sexta-feira"},"content":{"rendered":"<p><span style=\"font-weight: 400;\">O prefeito Ant\u00f4nio Almas lan\u00e7ar\u00e1 oficialmente nesta sexta-feira (7), o projeto \u201cRede em Alerta\u201d, estabelecendo linha direta entre a Defesa Civil e as lideran\u00e7as das associa\u00e7\u00f5es de bairros, visando minimizar os poss\u00edveis transtornos causados pelas chuvas, atrav\u00e9s de informa\u00e7\u00f5es r\u00e1pidas e seguras dos sinais de alerta compartilhadas via whatsapp. O evento ser\u00e1 \u00e0s 17 horas, na sede da Defesa Civil (Avenida Garibaldi Campinhos, 169 &#8211; Vitorino Braga).<\/span><\/p>\n<p><span style=\"font-weight: 400;\">O projeto \u201cRede em Alerta\u201d \u00e9 iniciativa da Defesa Civil, \u00f3rg\u00e3o da Secretaria de Seguran\u00e7a Urbana e Cidadania (Sesuc) da Prefeitura de Juiz de Fora (PJF), em parceria com a Uni\u00e3o Juiz-forana de Associa\u00e7\u00f5es Comunit\u00e1rias de Bairros e Distritos de Juiz de Fora (Unijuf). O secret\u00e1rio de Seguran\u00e7a Urbana e Cidadania (Seduc), Jos\u00e9 S\u00f3ter de Figueiroa Neto, explicou que &#8220;o Rede em Alerta faz parte do nosso plano de a\u00e7\u00e3o, e pretende integrar a sociedade civil organizada, atrav\u00e9s das associa\u00e7\u00f5es de moradores e a Defesa Civil, permitindo acompanhar de perto os poss\u00edveis epis\u00f3dios, atuando de maneira r\u00e1pida na resolu\u00e7\u00e3o. Poderemos, com essa ferramenta, realizar o monitoramento preventivo das \u00e1reas de risco da cidade, buscando solu\u00e7\u00f5es t\u00e1ticas para a seguran\u00e7a de todos&#8221;<\/span><\/p>\n<p><span style=\"font-weight: 400;\">O subsecret\u00e1rio de Defesa Civil, Jefferson Rodrigues, destacou que &#8220;as informa\u00e7\u00f5es recebidas pelo \u00f3rg\u00e3o ser\u00e3o disseminadas em tempo real. Com isso, ganhamos em preven\u00e7\u00e3o, que \u00e9 o mais importante. Do outro lado da linha teremos um n\u00famero bastante significativo de pessoas que, por sua vez, ser\u00e3o multiplicadores em seus bairros e regi\u00f5es. Eles ser\u00e3o os olhos e os ouvidos da cidade&#8221;.<\/span><\/p>\n<p><span style=\"font-weight: 400;\">Em reuni\u00f5es realizadas em dezembro de 2019 para a cria\u00e7\u00e3o do \u201cRede em Alerta\u201d, os l\u00edderes de bairros foram orientados pelos t\u00e9cnicos da Defesa Civil sobre como se comportarem quando receberem os alertas e o plano de conting\u00eancia for acionado. Ser\u00e3o criados subgrupos no whatsapp pelas lideran\u00e7as de bairros, multiplicando o n\u00famero de pessoas que receber\u00e3o os alertas, principalmente do Centro Nacional de Monitoramento e Alertas de Desastres Naturais (Cemaden).<\/span><\/p>\n<p><span style=\"font-weight: 400;\">Os encontros tiveram a participa\u00e7\u00e3o de lideran\u00e7as dos bairros Aeroporto, Amaz\u00f4nia, Benfica, Bom Jardim, Centen\u00e1rio, Costa Carvalho, Democrata, Filgueiras, Francisco Bernardino, Graja\u00fa, Grama, Graminha, Granbery, Granjas Beth\u00e2nia, Granjas Bethel, Industrial, Jardim Esperan\u00e7a, Jardim Ga\u00facho, JK, Linhares, Mariano Proc\u00f3pio, Marumbi, Nova Era 2, Santa Clara, Santa Cruz, Santa Luzia, Santa Paula, Santa Rita, Santa Tereza, Santos Anjos, S\u00e3o Dami\u00e3o, S\u00e3o Judas Tadeu, Teixeiras, Vale dos L\u00edrios e Vila Ozanam e do Distrito de Torre\u00f5es.<\/span><\/p>\n<p><span style=\"font-weight: 400;\">Tamb\u00e9m far\u00e3o parte da &#8220;Rede em Alerta&#8221; &#8211; a princ\u00edpio, j\u00e1 que o n\u00famero tende a aumentar &#8211; lideran\u00e7as dos bairros Arco-\u00edris, Cascatinha, Dom Bosco, Eldorado, Floresta, Jardim Casablanca, Jardim dos Alfineiros, Ipiranga, Jardim Natal, Lourdes, Mundo Novo, Nova Benfica, Olavo Costa, Po\u00e7o Rico, Ponte Preta, Santa C\u00e2ndida, Santa Cec\u00edlia, Santo Agostinho, Santos Dumont, S\u00e3o Bernardo, S\u00e3o Geraldo, Vila Almeida e Vila Alpina.<\/span><\/p>\n<p>&nbsp;<\/p>\n<p><strong>Fonte:<\/strong>\u00a0Assessoria<\/p>\n","protected":false},"excerpt":{"rendered":"<p>O prefeito Ant\u00f4nio Almas lan\u00e7ar\u00e1 oficialmente nesta sexta-feira (7), o projeto \u201cRede em Alerta\u201d, estabelecendo linha direta entre a Defesa Civil e as lideran\u00e7as das associa\u00e7\u00f5es de bairros, visando minimizar os poss\u00edveis transtornos causados pelas chuvas, atrav\u00e9s de informa\u00e7\u00f5es r\u00e1pidas e seguras dos sinais de alerta compartilhadas via whatsapp. O evento ser\u00e1 \u00e0s 17 horas, [&hellip;]<\/p>\n","protected":false},"author":96,"featured_media":154972,"comment_status":"closed","ping_status":"closed","sticky":false,"template":"","format":"standard","meta":{"footnotes":""},"categories":[253,436,439],"tags":[],"class_list":["post-154971","post","type-post","status-publish","format-standard","has-post-thumbnail","hentry","category-cidade","category-destaque-da-semana","category-ultima-hora"],"_links":{"self":[{"href":"https:\/\/diarioregionaldigital.com.br\/index.php?rest_route=\/wp\/v2\/posts\/154971","targetHints":{"allow":["GET"]}}],"collection":[{"href":"https:\/\/diarioregionaldigital.com.br\/index.php?rest_route=\/wp\/v2\/posts"}],"about":[{"href":"https:\/\/diarioregionaldigital.com.br\/index.php?rest_route=\/wp\/v2\/types\/post"}],"author":[{"embeddable":true,"href":"https:\/\/diarioregionaldigital.com.br\/index.php?rest_route=\/wp\/v2\/users\/96"}],"replies":[{"embeddable":true,"href":"https:\/\/diarioregionaldigital.com.br\/index.php?rest_route=%2Fwp%2Fv2%2Fcomments&post=154971"}],"version-history":[{"count":0,"href":"https:\/\/diarioregionaldigital.com.br\/index.php?rest_route=\/wp\/v2\/posts\/154971\/revisions"}],"wp:featuredmedia":[{"embeddable":true,"href":"https:\/\/diarioregionaldigital.com.br\/index.php?rest_route=\/wp\/v2\/media\/154972"}],"wp:attachment":[{"href":"https:\/\/diarioregionaldigital.com.br\/index.php?rest_route=%2Fwp%2Fv2%2Fmedia&parent=154971"}],"wp:term":[{"taxonomy":"category","embeddable":true,"href":"https:\/\/diarioregionaldigital.com.br\/index.php?rest_route=%2Fwp%2Fv2%2Fcategories&post=154971"},{"taxonomy":"post_tag","embeddable":true,"href":"https:\/\/diarioregionaldigital.com.br\/index.php?rest_route=%2Fwp%2Fv2%2Ftags&post=154971"}],"curies":[{"name":"wp","href":"https:\/\/api.w.org\/{rel}","templated":true}]}}