{"id":154961,"date":"2020-02-06T13:00:47","date_gmt":"2020-02-06T15:00:47","guid":{"rendered":"https:\/\/diarioregionaldigital.com.br\/?p=154961"},"modified":"2020-02-05T23:35:07","modified_gmt":"2020-02-06T01:35:07","slug":"quadra-da-escola-de-samba-real-grandeza-recebe-evento-de-adocao","status":"publish","type":"post","link":"https:\/\/diarioregionaldigital.com.br\/?p=154961","title":{"rendered":"Quadra da escola de samba Real Grandeza recebe evento de ado\u00e7\u00e3o"},"content":{"rendered":"<p><span style=\"font-weight: 400;\">A quadra da Escola de Samba Real Grandeza recebe neste s\u00e1bado (8), o evento de ado\u00e7\u00e3o de animais do Canil Municipal do Departamento Municipal de Limpeza Urbana (Demlurb). A edi\u00e7\u00e3o deste fim de semana ter\u00e1 o carnaval como tema e todos os animais estar\u00e3o fantasiados e subir\u00e3o ao palco para exibirem as fantasias \u00e0s 12h00.<\/span><\/p>\n<p><span style=\"font-weight: 400;\">Ao todo 18 c\u00e3es e 8 gatos estar\u00e3o dispon\u00edveis para o p\u00fablico que deseja participar da ado\u00e7\u00e3o. Para adotar um amigo, os interessados devem ter mais de 18 anos, estar em posse de documento com foto e comprovante de resid\u00eancia. Os interessados em trabalhar como volunt\u00e1rio no evento, devem chegar ao local antes das 9h30.<\/span><\/p>\n<p><span style=\"font-weight: 400;\">O evento da ado\u00e7\u00e3o ser\u00e1 realizado na Escola de Samba Real Grandeza, na Avenida Brasil, 1220, no Bairro Costa Carvalho.<\/span><\/p>\n","protected":false},"excerpt":{"rendered":"<p>A quadra da Escola de Samba Real Grandeza recebe neste s\u00e1bado (8), o evento de ado\u00e7\u00e3o de animais do Canil Municipal do Departamento Municipal de Limpeza Urbana (Demlurb). A edi\u00e7\u00e3o deste fim de semana ter\u00e1 o carnaval como tema e todos os animais estar\u00e3o fantasiados e subir\u00e3o ao palco para exibirem as fantasias \u00e0s 12h00. [&hellip;]<\/p>\n","protected":false},"author":96,"featured_media":154962,"comment_status":"closed","ping_status":"closed","sticky":false,"template":"","format":"standard","meta":{"footnotes":""},"categories":[253,436,440,439],"tags":[],"class_list":["post-154961","post","type-post","status-publish","format-standard","has-post-thumbnail","hentry","category-cidade","category-destaque-da-semana","category-destaques-do-dia","category-ultima-hora"],"_links":{"self":[{"href":"https:\/\/diarioregionaldigital.com.br\/index.php?rest_route=\/wp\/v2\/posts\/154961","targetHints":{"allow":["GET"]}}],"collection":[{"href":"https:\/\/diarioregionaldigital.com.br\/index.php?rest_route=\/wp\/v2\/posts"}],"about":[{"href":"https:\/\/diarioregionaldigital.com.br\/index.php?rest_route=\/wp\/v2\/types\/post"}],"author":[{"embeddable":true,"href":"https:\/\/diarioregionaldigital.com.br\/index.php?rest_route=\/wp\/v2\/users\/96"}],"replies":[{"embeddable":true,"href":"https:\/\/diarioregionaldigital.com.br\/index.php?rest_route=%2Fwp%2Fv2%2Fcomments&post=154961"}],"version-history":[{"count":0,"href":"https:\/\/diarioregionaldigital.com.br\/index.php?rest_route=\/wp\/v2\/posts\/154961\/revisions"}],"wp:featuredmedia":[{"embeddable":true,"href":"https:\/\/diarioregionaldigital.com.br\/index.php?rest_route=\/wp\/v2\/media\/154962"}],"wp:attachment":[{"href":"https:\/\/diarioregionaldigital.com.br\/index.php?rest_route=%2Fwp%2Fv2%2Fmedia&parent=154961"}],"wp:term":[{"taxonomy":"category","embeddable":true,"href":"https:\/\/diarioregionaldigital.com.br\/index.php?rest_route=%2Fwp%2Fv2%2Fcategories&post=154961"},{"taxonomy":"post_tag","embeddable":true,"href":"https:\/\/diarioregionaldigital.com.br\/index.php?rest_route=%2Fwp%2Fv2%2Ftags&post=154961"}],"curies":[{"name":"wp","href":"https:\/\/api.w.org\/{rel}","templated":true}]}}