{"id":154927,"date":"2020-02-06T11:30:35","date_gmt":"2020-02-06T13:30:35","guid":{"rendered":"https:\/\/diarioregionaldigital.com.br\/?p=154927"},"modified":"2020-02-05T18:50:22","modified_gmt":"2020-02-05T20:50:22","slug":"brasileiros-ja-pagaram-r-300-bi-em-impostos-desde-o-inicio-do-ano","status":"publish","type":"post","link":"https:\/\/diarioregionaldigital.com.br\/?p=154927","title":{"rendered":"Brasileiros j\u00e1 pagaram R$ 300 bi em impostos desde o in\u00edcio do ano"},"content":{"rendered":"<p>Os brasileiros pagaram R$ 300 bilh\u00f5es em impostos desde o in\u00edcio deste ano. O valor foi atingido nessa quarta-feira (5), \u00e0s 13h50, de acordo com o Impost\u00f4metro da Associa\u00e7\u00e3o Comercial de S\u00e3o Paulo (ACSP).<\/p>\n<p>O montante corresponde ao total pago para a Uni\u00e3o, estados e munic\u00edpios na forma de impostos, taxas, multas e contribui\u00e7\u00f5es. A arrecada\u00e7\u00e3o de R$ 300 bilh\u00f5es foi alcan\u00e7ada dois dias antes comparada ao ano de 2019, cujo valor foi atingido em 7 de fevereiro.<\/p>\n<p>Para o economista da ACSP Marcel Solimeo, o resultado indica que a economia do pa\u00eds mostra sinais de recupera\u00e7\u00e3o. \u201cAo contr\u00e1rio do que as pessoas pensam, o aumento na arrecada\u00e7\u00e3o do governo com impostos n\u00e3o \u00e9 algo ruim, quando isso acontece sem mudan\u00e7as de al\u00edquota\u201d, explicou.<\/p>\n<p>De acordo com Solimeo, os n\u00fameros contribuem para o aumento da arrecada\u00e7\u00e3o sobre o consumo. \u201cAgora vamos aguardar que o governo continue reduzindo os gastos e melhorando o uso dos recursos p\u00fablicos para que a economia cres\u00e7a de forma mais acentuada\u201d, disse.<\/p>\n<p>O Impost\u00f4metro foi implantado em 2005 pela associa\u00e7\u00e3o com o objetivo de conscientizar os brasileiros sobre a alta carga tribut\u00e1ria no pa\u00eds e incentiv\u00e1-los a cobrar os governos por servi\u00e7os p\u00fablicos de qualidade. No portal www.impostometro.com.br \u00e9 poss\u00edvel visualizar valores arrecadados por per\u00edodo, estado, munic\u00edpio e categoria.<\/p>\n<p>&nbsp;<\/p>\n<p><strong>Fonte:\u00a0<\/strong>Ag\u00eancia Brasil<\/p>\n","protected":false},"excerpt":{"rendered":"<p>Os brasileiros pagaram R$ 300 bilh\u00f5es em impostos desde o in\u00edcio deste ano. O valor foi atingido nessa quarta-feira (5), \u00e0s 13h50, de acordo com o Impost\u00f4metro da Associa\u00e7\u00e3o Comercial de S\u00e3o Paulo (ACSP). O montante corresponde ao total pago para a Uni\u00e3o, estados e munic\u00edpios na forma de impostos, taxas, multas e contribui\u00e7\u00f5es. A [&hellip;]<\/p>\n","protected":false},"author":96,"featured_media":154928,"comment_status":"closed","ping_status":"closed","sticky":false,"template":"","format":"standard","meta":{"footnotes":""},"categories":[436,440,261,439],"tags":[],"class_list":["post-154927","post","type-post","status-publish","format-standard","has-post-thumbnail","hentry","category-destaque-da-semana","category-destaques-do-dia","category-economia","category-ultima-hora"],"_links":{"self":[{"href":"https:\/\/diarioregionaldigital.com.br\/index.php?rest_route=\/wp\/v2\/posts\/154927","targetHints":{"allow":["GET"]}}],"collection":[{"href":"https:\/\/diarioregionaldigital.com.br\/index.php?rest_route=\/wp\/v2\/posts"}],"about":[{"href":"https:\/\/diarioregionaldigital.com.br\/index.php?rest_route=\/wp\/v2\/types\/post"}],"author":[{"embeddable":true,"href":"https:\/\/diarioregionaldigital.com.br\/index.php?rest_route=\/wp\/v2\/users\/96"}],"replies":[{"embeddable":true,"href":"https:\/\/diarioregionaldigital.com.br\/index.php?rest_route=%2Fwp%2Fv2%2Fcomments&post=154927"}],"version-history":[{"count":0,"href":"https:\/\/diarioregionaldigital.com.br\/index.php?rest_route=\/wp\/v2\/posts\/154927\/revisions"}],"wp:featuredmedia":[{"embeddable":true,"href":"https:\/\/diarioregionaldigital.com.br\/index.php?rest_route=\/wp\/v2\/media\/154928"}],"wp:attachment":[{"href":"https:\/\/diarioregionaldigital.com.br\/index.php?rest_route=%2Fwp%2Fv2%2Fmedia&parent=154927"}],"wp:term":[{"taxonomy":"category","embeddable":true,"href":"https:\/\/diarioregionaldigital.com.br\/index.php?rest_route=%2Fwp%2Fv2%2Fcategories&post=154927"},{"taxonomy":"post_tag","embeddable":true,"href":"https:\/\/diarioregionaldigital.com.br\/index.php?rest_route=%2Fwp%2Fv2%2Ftags&post=154927"}],"curies":[{"name":"wp","href":"https:\/\/api.w.org\/{rel}","templated":true}]}}