{"id":154777,"date":"2020-02-03T17:47:33","date_gmt":"2020-02-03T19:47:33","guid":{"rendered":"https:\/\/diarioregionaldigital.com.br\/?p=154777"},"modified":"2020-02-03T17:47:33","modified_gmt":"2020-02-03T19:47:33","slug":"brasil-vence-a-edicao-inaugural-do-campeonato-sul-americano-indoor-de-atletismo","status":"publish","type":"post","link":"https:\/\/diarioregionaldigital.com.br\/?p=154777","title":{"rendered":"Brasil vence a edi\u00e7\u00e3o inaugural do Campeonato Sul-americano Indoor de atletismo"},"content":{"rendered":"<p>A sele\u00e7\u00e3o brasileira de atletismo foi a campe\u00e3 da primeira edi\u00e7\u00e3o do Campeonato Sul-americano Indoor de atletismo, encerrado neste domingo, 2, em Cochabamba (Bol\u00edvia). A equipe somou 124 pontos, contra 120 da equipe anfitri\u00e3 e 103 da Argentina, segunda e terceira colocadas na classifica\u00e7\u00e3o final.<\/p>\n<p>O paranaense Alexsandro Melo (Orcampi), o Bolt, foi um dos destaques individuais da competi\u00e7\u00e3o, com duas medalhas de ouro: no salto em dist\u00e2ncia, com 8,08m; e no salto triplo, com 17,10m.<\/p>\n<p>&#8220;Estamos felizes com os resultados&#8221;, disse o treinador Neilton Moura.&#8221;Ele estava treinando para o Mundial Indoor de Nanjing (China), que foi adiado para 2021, e ainda havia muitos treinos programados para ele chegar na melhor forma. Esses resultados s\u00e3o animadores&#8221;, completou.<\/p>\n<p>Na avalia\u00e7\u00e3o do treinador-chefe Evandro Lazari, o Brasil teve boa participa\u00e7\u00e3o. &#8220;Os nossos 15 atletas conquistaram medalhas. O Alexsandro Bolt foi destaque ao ganhar dois ouros, com resultados expressivos neste in\u00edcio de temporada. Foi um evento legal, que mostrou jovens talentos, caso da Tiffani Marinho, que ganhou ouro nos 400m, em sua primeira competi\u00e7\u00e3o indoor. Tivemos outros destaques, como a Ros\u00e2ngela Santos, nos 60m, e o Gabriel Constantino, nos 60m com barreiras.<\/p>\n<p>No \u00faltimo dia de competi\u00e7\u00f5es, o Brasil ganhou mais cinco medalhas: tr\u00eas ouros, uma prata e um bronze. No total, a equipe terminou com 16 medalhas: nove ouros, tr\u00eas pratas e quatro bronzes.<\/p>\n<p>Veja os resultados das provas que tiveram vit\u00f3ria brasileira neste domingo:<\/p>\n<p><strong>Salto em altura &#8211; masculino<\/strong><\/p>\n<p>1-Fernando Ferreira (BRA) &#8211; 2,25m<\/p>\n<p>2-Yanez Eure (VEN) &#8211; 2,22m<\/p>\n<p>3-Thiago J\u00falio Moura (BRA) &#8211; 2,19m<\/p>\n<p>&nbsp;<\/p>\n<p><strong>Salto triplo &#8211; masculino<\/strong><\/p>\n<p>1-Alexsandro Melo (BRA) &#8211; 17,10m<\/p>\n<p>2-Mateus Daniel de S\u00e1 (BRA) &#8211; 16,62m<\/p>\n<p>3-Maxiloiano D\u00edaz (ARG) &#8211; 16,52m<\/p>\n<p>&nbsp;<\/p>\n<p><strong>Salto em altura &#8211; feminino<\/strong><\/p>\n<p>1-Valdileia Martins (BRA) &#8211; 1.79m<\/p>\n<p>2-Lorena Aires (URU) &#8211; 1,79m<\/p>\n<p>3-Betsabe Paez (ARG) &#8211; 1,73m<\/p>\n<p>&nbsp;<\/p>\n<p><strong>Fonte:\u00a0<\/strong>COB<\/p>\n","protected":false},"excerpt":{"rendered":"<p>A sele\u00e7\u00e3o brasileira de atletismo foi a campe\u00e3 da primeira edi\u00e7\u00e3o do Campeonato Sul-americano Indoor de atletismo, encerrado neste domingo, 2, em Cochabamba (Bol\u00edvia). A equipe somou 124 pontos, contra 120 da equipe anfitri\u00e3 e 103 da Argentina, segunda e terceira colocadas na classifica\u00e7\u00e3o final. O paranaense Alexsandro Melo (Orcampi), o Bolt, foi um dos [&hellip;]<\/p>\n","protected":false},"author":96,"featured_media":154778,"comment_status":"closed","ping_status":"closed","sticky":false,"template":"","format":"standard","meta":{"footnotes":""},"categories":[436,257,439],"tags":[],"class_list":["post-154777","post","type-post","status-publish","format-standard","has-post-thumbnail","hentry","category-destaque-da-semana","category-esporte","category-ultima-hora"],"_links":{"self":[{"href":"https:\/\/diarioregionaldigital.com.br\/index.php?rest_route=\/wp\/v2\/posts\/154777","targetHints":{"allow":["GET"]}}],"collection":[{"href":"https:\/\/diarioregionaldigital.com.br\/index.php?rest_route=\/wp\/v2\/posts"}],"about":[{"href":"https:\/\/diarioregionaldigital.com.br\/index.php?rest_route=\/wp\/v2\/types\/post"}],"author":[{"embeddable":true,"href":"https:\/\/diarioregionaldigital.com.br\/index.php?rest_route=\/wp\/v2\/users\/96"}],"replies":[{"embeddable":true,"href":"https:\/\/diarioregionaldigital.com.br\/index.php?rest_route=%2Fwp%2Fv2%2Fcomments&post=154777"}],"version-history":[{"count":0,"href":"https:\/\/diarioregionaldigital.com.br\/index.php?rest_route=\/wp\/v2\/posts\/154777\/revisions"}],"wp:featuredmedia":[{"embeddable":true,"href":"https:\/\/diarioregionaldigital.com.br\/index.php?rest_route=\/wp\/v2\/media\/154778"}],"wp:attachment":[{"href":"https:\/\/diarioregionaldigital.com.br\/index.php?rest_route=%2Fwp%2Fv2%2Fmedia&parent=154777"}],"wp:term":[{"taxonomy":"category","embeddable":true,"href":"https:\/\/diarioregionaldigital.com.br\/index.php?rest_route=%2Fwp%2Fv2%2Fcategories&post=154777"},{"taxonomy":"post_tag","embeddable":true,"href":"https:\/\/diarioregionaldigital.com.br\/index.php?rest_route=%2Fwp%2Fv2%2Ftags&post=154777"}],"curies":[{"name":"wp","href":"https:\/\/api.w.org\/{rel}","templated":true}]}}