{"id":154773,"date":"2020-02-03T15:53:25","date_gmt":"2020-02-03T17:53:25","guid":{"rendered":"https:\/\/diarioregionaldigital.com.br\/?p=154773"},"modified":"2020-02-03T15:53:25","modified_gmt":"2020-02-03T17:53:25","slug":"policia-militar-prende-homem-com-posse-de-28-pedras-de-crack-no-centro-de-juiz-de-fora","status":"publish","type":"post","link":"https:\/\/diarioregionaldigital.com.br\/?p=154773","title":{"rendered":"Pol\u00edcia Militar prende homem com posse de 28 pedras de crack no Centro de Juiz de Fora"},"content":{"rendered":"<p>A Pol\u00edcia Militar (PM) prendeu nesse \u00faltimo s\u00e1bado (1), um homem sem idade informada, por estar em posse de 28 pedras de crack na Pra\u00e7a Jarbas de Lery Santos, no Centro de Juiz de Fora.<\/p>\n<p>Ao realizar a abordagem, as equipes da PM se posicionaram em pontos estrat\u00e9gicos para localizar o autor do crime e observar a comercializa\u00e7\u00e3o de entorpecentes. Instantes depois foi feita a abordagem e o indiv\u00edduo jogou um embrulho no ch\u00e3o, contendo as 28 pedras de crack. Os agentes fizeram busca pessoal e encontraram R$ 43,00 em dinheiro, provenientes do com\u00e9rcio de drogas. O autor do crime e os materiais foram encaminhados \u00e0 Delegacia para devidas provid\u00eancias<\/p>\n<p>Segundo informa\u00e7\u00f5es da PM, o suspeito planejava assumir o local no lugar de um outro traficante, que foi preso no dia 27 do m\u00eas passado tamb\u00e9m por comercializar pedras de crack.<\/p>\n<p>&nbsp;<\/p>\n","protected":false},"excerpt":{"rendered":"<p>A Pol\u00edcia Militar (PM) prendeu nesse \u00faltimo s\u00e1bado (1), um homem sem idade informada, por estar em posse de 28 pedras de crack na Pra\u00e7a Jarbas de Lery Santos, no Centro de Juiz de Fora. Ao realizar a abordagem, as equipes da PM se posicionaram em pontos estrat\u00e9gicos para localizar o autor do crime e [&hellip;]<\/p>\n","protected":false},"author":96,"featured_media":154774,"comment_status":"closed","ping_status":"closed","sticky":false,"template":"","format":"standard","meta":{"footnotes":""},"categories":[301,436,440,439],"tags":[],"class_list":["post-154773","post","type-post","status-publish","format-standard","has-post-thumbnail","hentry","category-artigos-policiais","category-destaque-da-semana","category-destaques-do-dia","category-ultima-hora"],"_links":{"self":[{"href":"https:\/\/diarioregionaldigital.com.br\/index.php?rest_route=\/wp\/v2\/posts\/154773","targetHints":{"allow":["GET"]}}],"collection":[{"href":"https:\/\/diarioregionaldigital.com.br\/index.php?rest_route=\/wp\/v2\/posts"}],"about":[{"href":"https:\/\/diarioregionaldigital.com.br\/index.php?rest_route=\/wp\/v2\/types\/post"}],"author":[{"embeddable":true,"href":"https:\/\/diarioregionaldigital.com.br\/index.php?rest_route=\/wp\/v2\/users\/96"}],"replies":[{"embeddable":true,"href":"https:\/\/diarioregionaldigital.com.br\/index.php?rest_route=%2Fwp%2Fv2%2Fcomments&post=154773"}],"version-history":[{"count":0,"href":"https:\/\/diarioregionaldigital.com.br\/index.php?rest_route=\/wp\/v2\/posts\/154773\/revisions"}],"wp:featuredmedia":[{"embeddable":true,"href":"https:\/\/diarioregionaldigital.com.br\/index.php?rest_route=\/wp\/v2\/media\/154774"}],"wp:attachment":[{"href":"https:\/\/diarioregionaldigital.com.br\/index.php?rest_route=%2Fwp%2Fv2%2Fmedia&parent=154773"}],"wp:term":[{"taxonomy":"category","embeddable":true,"href":"https:\/\/diarioregionaldigital.com.br\/index.php?rest_route=%2Fwp%2Fv2%2Fcategories&post=154773"},{"taxonomy":"post_tag","embeddable":true,"href":"https:\/\/diarioregionaldigital.com.br\/index.php?rest_route=%2Fwp%2Fv2%2Ftags&post=154773"}],"curies":[{"name":"wp","href":"https:\/\/api.w.org\/{rel}","templated":true}]}}