{"id":154770,"date":"2020-02-03T15:52:03","date_gmt":"2020-02-03T17:52:03","guid":{"rendered":"https:\/\/diarioregionaldigital.com.br\/?p=154770"},"modified":"2020-02-03T15:52:03","modified_gmt":"2020-02-03T17:52:03","slug":"policia-militar-realiza-operacao-no-bairro-retiro-e-prende-homem-por-trafico-de-drogas","status":"publish","type":"post","link":"https:\/\/diarioregionaldigital.com.br\/?p=154770","title":{"rendered":"Pol\u00edcia Militar realiza opera\u00e7\u00e3o no Bairro Retiro e prende homem por tr\u00e1fico de drogas"},"content":{"rendered":"<p>Durante a Opera\u00e7\u00e3o \u201cBatida Policial\u201d, a Pol\u00edcia Militar (PM) prendeu um homem, sem idade informada, por realizar tr\u00e1fico de drogas no Bairro Retiro em Juiz de Fora. Segundo informa\u00e7\u00f5es, os agentes da PM avistaram alguns indiv\u00edduos em atitude suspeita no local.<\/p>\n<p>Instantes depois foi realizada abordagem aos suspeitos e um deles jogou uma sacola no mato nas proximidades. O autor do crime foi preso e durante a varredura, a PM encontrou o recipiente arremessado pelo indiv\u00edduo contendo 25 papelotes de coca\u00edna e 3 buchas de maconha, al\u00e9m de R$ 211,00 em dinheiro que estava com o suspeito.<\/p>\n<p>O autor do crime foi encaminhado \u00e0 Delegacia para as devidas provid\u00eancias, junto com os materiais apreendidos.<\/p>\n","protected":false},"excerpt":{"rendered":"<p>Durante a Opera\u00e7\u00e3o \u201cBatida Policial\u201d, a Pol\u00edcia Militar (PM) prendeu um homem, sem idade informada, por realizar tr\u00e1fico de drogas no Bairro Retiro em Juiz de Fora. Segundo informa\u00e7\u00f5es, os agentes da PM avistaram alguns indiv\u00edduos em atitude suspeita no local. Instantes depois foi realizada abordagem aos suspeitos e um deles jogou uma sacola no [&hellip;]<\/p>\n","protected":false},"author":96,"featured_media":154771,"comment_status":"closed","ping_status":"closed","sticky":false,"template":"","format":"standard","meta":{"footnotes":""},"categories":[301,436,440,439],"tags":[],"class_list":["post-154770","post","type-post","status-publish","format-standard","has-post-thumbnail","hentry","category-artigos-policiais","category-destaque-da-semana","category-destaques-do-dia","category-ultima-hora"],"_links":{"self":[{"href":"https:\/\/diarioregionaldigital.com.br\/index.php?rest_route=\/wp\/v2\/posts\/154770","targetHints":{"allow":["GET"]}}],"collection":[{"href":"https:\/\/diarioregionaldigital.com.br\/index.php?rest_route=\/wp\/v2\/posts"}],"about":[{"href":"https:\/\/diarioregionaldigital.com.br\/index.php?rest_route=\/wp\/v2\/types\/post"}],"author":[{"embeddable":true,"href":"https:\/\/diarioregionaldigital.com.br\/index.php?rest_route=\/wp\/v2\/users\/96"}],"replies":[{"embeddable":true,"href":"https:\/\/diarioregionaldigital.com.br\/index.php?rest_route=%2Fwp%2Fv2%2Fcomments&post=154770"}],"version-history":[{"count":0,"href":"https:\/\/diarioregionaldigital.com.br\/index.php?rest_route=\/wp\/v2\/posts\/154770\/revisions"}],"wp:featuredmedia":[{"embeddable":true,"href":"https:\/\/diarioregionaldigital.com.br\/index.php?rest_route=\/wp\/v2\/media\/154771"}],"wp:attachment":[{"href":"https:\/\/diarioregionaldigital.com.br\/index.php?rest_route=%2Fwp%2Fv2%2Fmedia&parent=154770"}],"wp:term":[{"taxonomy":"category","embeddable":true,"href":"https:\/\/diarioregionaldigital.com.br\/index.php?rest_route=%2Fwp%2Fv2%2Fcategories&post=154770"},{"taxonomy":"post_tag","embeddable":true,"href":"https:\/\/diarioregionaldigital.com.br\/index.php?rest_route=%2Fwp%2Fv2%2Ftags&post=154770"}],"curies":[{"name":"wp","href":"https:\/\/api.w.org\/{rel}","templated":true}]}}