{"id":154766,"date":"2020-02-03T15:49:43","date_gmt":"2020-02-03T17:49:43","guid":{"rendered":"https:\/\/diarioregionaldigital.com.br\/?p=154766"},"modified":"2020-02-03T15:49:43","modified_gmt":"2020-02-03T17:49:43","slug":"mercado-financeiro-reduz-estimativa-de-inflacao-este-ano-para-340","status":"publish","type":"post","link":"https:\/\/diarioregionaldigital.com.br\/?p=154766","title":{"rendered":"Mercado financeiro reduz estimativa de infla\u00e7\u00e3o este ano para 3,40%"},"content":{"rendered":"<p>As institui\u00e7\u00f5es financeiras consultadas pelo Banco Central (BC) reduziram a estimativa para a infla\u00e7\u00e3o este ano. A proje\u00e7\u00e3o para o \u00cdndice Nacional de Pre\u00e7os ao Consumidor Amplo (IPCA \u2013 a infla\u00e7\u00e3o oficial do pa\u00eds \u2013 caiu de 3,47% para 3,40%. A informa\u00e7\u00e3o consta no boletim Focus, pesquisa semanal do BC, que traz as proje\u00e7\u00f5es de institui\u00e7\u00f5es para os principais indicadores econ\u00f4micos.<\/p>\n<p>Para 2021, a estimativa de infla\u00e7\u00e3o se mant\u00e9m em 3,75%. A previs\u00e3o para os anos seguintes tamb\u00e9m n\u00e3o teve altera\u00e7\u00f5es: 3,50% em 2022 e 2023.<\/p>\n<p>A proje\u00e7\u00e3o para 2020 est\u00e1 abaixo do centro da meta de infla\u00e7\u00e3o que deve ser perseguida pelo BC. A meta, definida pelo Conselho Monet\u00e1rio Nacional, \u00e9 de 4% em 2020, com intervalo de toler\u00e2ncia de 1,5 ponto percentual para cima ou para baixo.<\/p>\n<p>&nbsp;<\/p>\n<p><span style=\"font-size: 12pt;\"><strong>Selic<\/strong><\/span><\/p>\n<p>Para alcan\u00e7ar a meta de infla\u00e7\u00e3o, o Banco Central usa como principal instrumento a taxa b\u00e1sica de juros, a Selic, atualmente em 4,5% ao ano pelo Comit\u00ea de Pol\u00edtica Monet\u00e1ria (Copom). Nesta semana, o grupo faz a primeira reuni\u00e3o do ano para definir a Selic.<\/p>\n<p>De acordo com o boletim do Banco Central, a expectativa do mercado \u00e9 que a Selic caia para 4,25% ao ano at\u00e9 o fim de 2020. Quando o Copom reduz a Selic, a tend\u00eancia \u00e9 que o cr\u00e9dito fique mais barato, com incentivo \u00e0 produ\u00e7\u00e3o e ao consumo, reduzindo o controle da infla\u00e7\u00e3o e estimulando a atividade econ\u00f4mica.<\/p>\n<p>Quando o Copom aumenta a taxa b\u00e1sica de juros, o objetivo \u00e9 conter a demanda aquecida, e isso causa reflexos nos pre\u00e7os porque os juros mais altos encarecem o cr\u00e9dito e estimulam a poupan\u00e7a. J\u00e1 a manuten\u00e7\u00e3o da Selic indica que o Copom considera as altera\u00e7\u00f5es anteriores suficientes para chegar \u00e0 meta de infla\u00e7\u00e3o.<\/p>\n<p>Para 2021, a expectativa \u00e9 que a taxa b\u00e1sica suba para 6%. Para 2022 e 2023, as institui\u00e7\u00f5es estimam que a Selic termine os per\u00edodos em 6,5% ao ano.<\/p>\n<p>&nbsp;<\/p>\n<p><span style=\"font-size: 12pt;\"><strong>Atividade econ\u00f4mica<\/strong><\/span><\/p>\n<p>A proje\u00e7\u00e3o para a expans\u00e3o do Produto Interno Bruto (PIB) \u2013 a soma de todos os bens e servi\u00e7os produzidos no pa\u00eds \u2013 variou de 2,31% para 2,30% em 2020. As estimativas das institui\u00e7\u00f5es financeiras para os anos seguintes, 2021, 2022 e 2023 tamb\u00e9m continuam em 2,50%.<\/p>\n<p>A previs\u00e3o do mercado financeiro para a cota\u00e7\u00e3o do d\u00f3lar est\u00e1 em R$ 4,10 para o fim deste ano e R$ 4,05 para 2021.<\/p>\n<p>&nbsp;<\/p>\n<p><strong>Fonte:\u00a0<\/strong>Ag\u00eancia Brasil<\/p>\n","protected":false},"excerpt":{"rendered":"<p>As institui\u00e7\u00f5es financeiras consultadas pelo Banco Central (BC) reduziram a estimativa para a infla\u00e7\u00e3o este ano. A proje\u00e7\u00e3o para o \u00cdndice Nacional de Pre\u00e7os ao Consumidor Amplo (IPCA \u2013 a infla\u00e7\u00e3o oficial do pa\u00eds \u2013 caiu de 3,47% para 3,40%. A informa\u00e7\u00e3o consta no boletim Focus, pesquisa semanal do BC, que traz as proje\u00e7\u00f5es de [&hellip;]<\/p>\n","protected":false},"author":96,"featured_media":154767,"comment_status":"closed","ping_status":"closed","sticky":false,"template":"","format":"standard","meta":{"footnotes":""},"categories":[436,261,439],"tags":[],"class_list":["post-154766","post","type-post","status-publish","format-standard","has-post-thumbnail","hentry","category-destaque-da-semana","category-economia","category-ultima-hora"],"_links":{"self":[{"href":"https:\/\/diarioregionaldigital.com.br\/index.php?rest_route=\/wp\/v2\/posts\/154766","targetHints":{"allow":["GET"]}}],"collection":[{"href":"https:\/\/diarioregionaldigital.com.br\/index.php?rest_route=\/wp\/v2\/posts"}],"about":[{"href":"https:\/\/diarioregionaldigital.com.br\/index.php?rest_route=\/wp\/v2\/types\/post"}],"author":[{"embeddable":true,"href":"https:\/\/diarioregionaldigital.com.br\/index.php?rest_route=\/wp\/v2\/users\/96"}],"replies":[{"embeddable":true,"href":"https:\/\/diarioregionaldigital.com.br\/index.php?rest_route=%2Fwp%2Fv2%2Fcomments&post=154766"}],"version-history":[{"count":0,"href":"https:\/\/diarioregionaldigital.com.br\/index.php?rest_route=\/wp\/v2\/posts\/154766\/revisions"}],"wp:featuredmedia":[{"embeddable":true,"href":"https:\/\/diarioregionaldigital.com.br\/index.php?rest_route=\/wp\/v2\/media\/154767"}],"wp:attachment":[{"href":"https:\/\/diarioregionaldigital.com.br\/index.php?rest_route=%2Fwp%2Fv2%2Fmedia&parent=154766"}],"wp:term":[{"taxonomy":"category","embeddable":true,"href":"https:\/\/diarioregionaldigital.com.br\/index.php?rest_route=%2Fwp%2Fv2%2Fcategories&post=154766"},{"taxonomy":"post_tag","embeddable":true,"href":"https:\/\/diarioregionaldigital.com.br\/index.php?rest_route=%2Fwp%2Fv2%2Ftags&post=154766"}],"curies":[{"name":"wp","href":"https:\/\/api.w.org\/{rel}","templated":true}]}}