{"id":154757,"date":"2020-02-03T15:42:15","date_gmt":"2020-02-03T17:42:15","guid":{"rendered":"https:\/\/diarioregionaldigital.com.br\/?p=154757"},"modified":"2020-02-03T15:50:39","modified_gmt":"2020-02-03T17:50:39","slug":"coronavirus-itamaraty-vai-repatriar-brasileiros-que-estao-na-china","status":"publish","type":"post","link":"https:\/\/diarioregionaldigital.com.br\/?p=154757","title":{"rendered":"Coronav\u00edrus: Itamaraty vai repatriar brasileiros que est\u00e3o na China"},"content":{"rendered":"<p>Por meio de nota conjunta emitida nesse domingo (2), o Minist\u00e9rio das Rela\u00e7\u00f5es Exteriores e o Minist\u00e9rio da Defesa anunciaram que o governo brasileiro adota todas as medidas necess\u00e1rias para trazer de volta ao Brasil os cidad\u00e3os brasileiros que se encontram na prov\u00edncia de Hubei, especificamente na cidade de Wuhan, na China, regi\u00e3o de origem da epidemia do coronav\u00edrus. Ser\u00e3o trazidos todos os brasileiros que se encontram naquela regi\u00e3o e que manifestarem desejo de retornar ao Brasil.<\/p>\n<p>Assim que chegarem ao Brasil, eles dever\u00e3o ser submetidos a quarentena, de acordo com procedimentos internacionais, sob a orienta\u00e7\u00e3o do Minist\u00e9rio da Sa\u00fade.<\/p>\n<p>O Minist\u00e9rio da Defesa, por meio da For\u00e7a A\u00e9rea Brasileira, trabalha na elabora\u00e7\u00e3o do plano de voo da aeronave, possivelmente fretada, que ser\u00e1 enviada \u00e0 China.<\/p>\n<p>Duas brasileiras, que se encontravam em Wuhan e tamb\u00e9m possu\u00edam nacionalidade portuguesa, j\u00e1 embarcaram em voo franc\u00eas que transportou cidad\u00e3os da Uni\u00e3o Europeia. Elas far\u00e3o quarentena em Portugal.<\/p>\n<p>&nbsp;<\/p>\n<p><span style=\"font-size: 12pt;\"><strong>Hist\u00f3rico do Coronav\u00edrus<\/strong><\/span><\/p>\n<p>Os coronav\u00edrus s\u00e3o conhecidos desde meados dos anos 1960 e j\u00e1 estiveram associados a outros epis\u00f3dios de alerta internacional nos \u00faltimos anos. Em 2002, uma variante gerou um surto de s\u00edndrome respirat\u00f3ria aguda grave (Sars) que tamb\u00e9m teve in\u00edcio na China e atingiu mais de 8 mil pessoas. Em 2012, um novo coronav\u00edrus causou uma s\u00edndrome respirat\u00f3ria no Oriente M\u00e9dio que foi chamada de Mers.<\/p>\n<p>A atual transmiss\u00e3o foi identificada em 7 de janeiro. O escrit\u00f3rio da Organiza\u00e7\u00e3o Mundial de Sa\u00fade (OMS) na China buscava respostas para casos de uma pneumonia de etiologia at\u00e9 ent\u00e3o desconhecida que afetava moradores na cidade de Wuhan. No dia 11 de janeiro foi apontado um mercado de frutos do mar como o local de origem da transmiss\u00e3o. O espa\u00e7o foi fechado pelo governo chin\u00eas.<\/p>\n<p>&nbsp;<\/p>\n<p><strong>Fonte:<\/strong>\u00a0Ag\u00eancia\u00a0 Brasil<\/p>\n<p>&nbsp;<\/p>\n","protected":false},"excerpt":{"rendered":"<p>Por meio de nota conjunta emitida nesse domingo (2), o Minist\u00e9rio das Rela\u00e7\u00f5es Exteriores e o Minist\u00e9rio da Defesa anunciaram que o governo brasileiro adota todas as medidas necess\u00e1rias para trazer de volta ao Brasil os cidad\u00e3os brasileiros que se encontram na prov\u00edncia de Hubei, especificamente na cidade de Wuhan, na China, regi\u00e3o de origem [&hellip;]<\/p>\n","protected":false},"author":96,"featured_media":154758,"comment_status":"closed","ping_status":"closed","sticky":false,"template":"","format":"standard","meta":{"footnotes":""},"categories":[302,436,440,439],"tags":[],"class_list":["post-154757","post","type-post","status-publish","format-standard","has-post-thumbnail","hentry","category-brasil-mundo","category-destaque-da-semana","category-destaques-do-dia","category-ultima-hora"],"_links":{"self":[{"href":"https:\/\/diarioregionaldigital.com.br\/index.php?rest_route=\/wp\/v2\/posts\/154757","targetHints":{"allow":["GET"]}}],"collection":[{"href":"https:\/\/diarioregionaldigital.com.br\/index.php?rest_route=\/wp\/v2\/posts"}],"about":[{"href":"https:\/\/diarioregionaldigital.com.br\/index.php?rest_route=\/wp\/v2\/types\/post"}],"author":[{"embeddable":true,"href":"https:\/\/diarioregionaldigital.com.br\/index.php?rest_route=\/wp\/v2\/users\/96"}],"replies":[{"embeddable":true,"href":"https:\/\/diarioregionaldigital.com.br\/index.php?rest_route=%2Fwp%2Fv2%2Fcomments&post=154757"}],"version-history":[{"count":0,"href":"https:\/\/diarioregionaldigital.com.br\/index.php?rest_route=\/wp\/v2\/posts\/154757\/revisions"}],"wp:featuredmedia":[{"embeddable":true,"href":"https:\/\/diarioregionaldigital.com.br\/index.php?rest_route=\/wp\/v2\/media\/154758"}],"wp:attachment":[{"href":"https:\/\/diarioregionaldigital.com.br\/index.php?rest_route=%2Fwp%2Fv2%2Fmedia&parent=154757"}],"wp:term":[{"taxonomy":"category","embeddable":true,"href":"https:\/\/diarioregionaldigital.com.br\/index.php?rest_route=%2Fwp%2Fv2%2Fcategories&post=154757"},{"taxonomy":"post_tag","embeddable":true,"href":"https:\/\/diarioregionaldigital.com.br\/index.php?rest_route=%2Fwp%2Fv2%2Ftags&post=154757"}],"curies":[{"name":"wp","href":"https:\/\/api.w.org\/{rel}","templated":true}]}}