{"id":154464,"date":"2020-01-28T06:00:08","date_gmt":"2020-01-28T08:00:08","guid":{"rendered":"https:\/\/diarioregionaldigital.com.br\/?p=154464"},"modified":"2020-01-28T03:26:13","modified_gmt":"2020-01-28T05:26:13","slug":"plasticidade-2","status":"publish","type":"post","link":"https:\/\/diarioregionaldigital.com.br\/?p=154464","title":{"rendered":"Plasticidade"},"content":{"rendered":"<p style=\"text-align: center;\"><strong>Porta dos Fundos<\/strong><\/p>\n<p style=\"text-align: center;\">N\u00e3o sei por que a Justi\u00e7a e a imprensa em geral analisam a quest\u00e3o provocada pelo grupo Porta dos Fundos como liberdade de express\u00e3o. Essa liberdade de express\u00e3o deve ser preservada, mas a quest\u00e3o \u00e9 olhar o problema como difama\u00e7\u00e3o. Foi exatamente isso o que aconteceu, e difamar \u00e9 crime.<\/p>\n<p style=\"text-align: center;\"><strong>Plasticidade<\/strong><\/p>\n<p style=\"text-align: center;\">Est\u00e1 causando impacto visual a bel\u00edssima exposi\u00e7\u00e3o \u201cMemorial Mascarenhas\u2019 encravada no Centro Cultural Bernardo Mascarenhas. A mostra re\u00fane fotografias e documentos do acervo do CCBM, al\u00e9m de obras de diversos artistas. Um dos integrantes do movimento \u201cMascarenhas meu amor\u201d, o artista pl\u00e1stico Carlos Bracher tem obras integrando a exposi\u00e7\u00e3o.<\/p>\n<p style=\"text-align: center;\"><strong>Bem vindo<\/strong><\/p>\n<p style=\"text-align: center;\">Din\u00e2mico e atuante, o major Yoshio Luiz Yamaguchi assumiu a \u00e1rea como subcomandante do 2\u00ba BPM, que inclui o policiamento do Centro de Juiz de Fora.<\/p>\n<p style=\"text-align: center;\"><strong>Planos de Sa\u00fade<\/strong><\/p>\n<p style=\"text-align: center;\">Com os constantes e estratos f\u00e9rricos aumentos nas mensalidades, come\u00e7a a se tornar muito clara a inten\u00e7\u00e3o da maioria das operadoras de planos de sa\u00fade. Querem descartar a participa\u00e7\u00e3o de segurados da terceira idade e com renda insuficiente dentro de padr\u00f5es estabelecidos pelos grupos milion\u00e1rios que operam a atividade. T\u00f4 de olho!<\/p>\n<p style=\"text-align: center;\"><strong>Dica esperta<\/strong>: Apoiar Tha\u00eds Pifano que lan\u00e7ou campanha de arrecada\u00e7\u00e3o de gibis e mang\u00e1s para a Biblioteca Murilo Mendes e a Casa de Leitura Delfina Fonseca Lima. Eu aprovo.<\/p>\n<div id=\"attachment_154439\" style=\"width: 690px\" class=\"wp-caption aligncenter\"><img loading=\"lazy\" decoding=\"async\" aria-describedby=\"caption-attachment-154439\" class=\"wp-image-154439\" src=\"https:\/\/diarioregionaldigital.com.br\/wp-content\/uploads\/fotoa-12-e1580188514684.jpg\" alt=\"\" width=\"680\" height=\"539\" srcset=\"https:\/\/diarioregionaldigital.com.br\/wp-content\/uploads\/fotoa-12-e1580188514684.jpg 1168w, https:\/\/diarioregionaldigital.com.br\/wp-content\/uploads\/fotoa-12-e1580188514684-300x238.jpg 300w, https:\/\/diarioregionaldigital.com.br\/wp-content\/uploads\/fotoa-12-e1580188514684-768x609.jpg 768w, https:\/\/diarioregionaldigital.com.br\/wp-content\/uploads\/fotoa-12-e1580188514684-1024x812.jpg 1024w, https:\/\/diarioregionaldigital.com.br\/wp-content\/uploads\/fotoa-12-e1580188514684-360x285.jpg 360w\" sizes=\"auto, (max-width: 680px) 100vw, 680px\" \/><p id=\"caption-attachment-154439\" class=\"wp-caption-text\">Uma foco de luz para a talentosa cantora Carolina Serdeira. Aplausos<\/p><\/div>\n<div id=\"attachment_154440\" style=\"width: 690px\" class=\"wp-caption aligncenter\"><img loading=\"lazy\" decoding=\"async\" aria-describedby=\"caption-attachment-154440\" class=\"wp-image-154440\" src=\"https:\/\/diarioregionaldigital.com.br\/wp-content\/uploads\/fotoaa-9-e1580188576263.jpg\" alt=\"\" width=\"680\" height=\"532\" srcset=\"https:\/\/diarioregionaldigital.com.br\/wp-content\/uploads\/fotoaa-9-e1580188576263.jpg 787w, https:\/\/diarioregionaldigital.com.br\/wp-content\/uploads\/fotoaa-9-e1580188576263-300x235.jpg 300w, https:\/\/diarioregionaldigital.com.br\/wp-content\/uploads\/fotoaa-9-e1580188576263-768x601.jpg 768w, https:\/\/diarioregionaldigital.com.br\/wp-content\/uploads\/fotoaa-9-e1580188576263-360x282.jpg 360w\" sizes=\"auto, (max-width: 680px) 100vw, 680px\" \/><p id=\"caption-attachment-154440\" class=\"wp-caption-text\">A elegante Adelaide Rodrigues festejou anivers\u00e1rio no Poleiro do Galo ladeada de Tais Abramo e Paula Rodrigues<\/p><\/div>\n<div id=\"attachment_154441\" style=\"width: 690px\" class=\"wp-caption aligncenter\"><img loading=\"lazy\" decoding=\"async\" aria-describedby=\"caption-attachment-154441\" class=\"wp-image-154441\" src=\"https:\/\/diarioregionaldigital.com.br\/wp-content\/uploads\/fotob-16-e1580188642363.jpg\" alt=\"\" width=\"680\" height=\"536\" srcset=\"https:\/\/diarioregionaldigital.com.br\/wp-content\/uploads\/fotob-16-e1580188642363.jpg 1158w, https:\/\/diarioregionaldigital.com.br\/wp-content\/uploads\/fotob-16-e1580188642363-300x237.jpg 300w, https:\/\/diarioregionaldigital.com.br\/wp-content\/uploads\/fotob-16-e1580188642363-768x606.jpg 768w, https:\/\/diarioregionaldigital.com.br\/wp-content\/uploads\/fotob-16-e1580188642363-1024x807.jpg 1024w, https:\/\/diarioregionaldigital.com.br\/wp-content\/uploads\/fotob-16-e1580188642363-360x284.jpg 360w\" sizes=\"auto, (max-width: 680px) 100vw, 680px\" \/><p id=\"caption-attachment-154441\" class=\"wp-caption-text\">Curtindo o ver\u00e3o o lindo enfermeiro e amigo deste colunista Arthur Magalh\u00e3es<\/p><\/div>\n<div id=\"attachment_154443\" style=\"width: 690px\" class=\"wp-caption aligncenter\"><img loading=\"lazy\" decoding=\"async\" aria-describedby=\"caption-attachment-154443\" class=\"wp-image-154443\" src=\"https:\/\/diarioregionaldigital.com.br\/wp-content\/uploads\/fotoc-14-e1580188704621.jpg\" alt=\"\" width=\"680\" height=\"554\" srcset=\"https:\/\/diarioregionaldigital.com.br\/wp-content\/uploads\/fotoc-14-e1580188704621.jpg 1173w, https:\/\/diarioregionaldigital.com.br\/wp-content\/uploads\/fotoc-14-e1580188704621-300x245.jpg 300w, https:\/\/diarioregionaldigital.com.br\/wp-content\/uploads\/fotoc-14-e1580188704621-768x626.jpg 768w, https:\/\/diarioregionaldigital.com.br\/wp-content\/uploads\/fotoc-14-e1580188704621-1024x835.jpg 1024w, https:\/\/diarioregionaldigital.com.br\/wp-content\/uploads\/fotoc-14-e1580188704621-220x180.jpg 220w, https:\/\/diarioregionaldigital.com.br\/wp-content\/uploads\/fotoc-14-e1580188704621-360x293.jpg 360w\" sizes=\"auto, (max-width: 680px) 100vw, 680px\" \/><p id=\"caption-attachment-154443\" class=\"wp-caption-text\">O DJ do momento F\u00e1bio Laroque, arrasa nas pistas de dan\u00e7a descoladas de JF<\/p><\/div>\n<div id=\"attachment_154442\" style=\"width: 690px\" class=\"wp-caption aligncenter\"><img loading=\"lazy\" decoding=\"async\" aria-describedby=\"caption-attachment-154442\" class=\"wp-image-154442\" src=\"https:\/\/diarioregionaldigital.com.br\/wp-content\/uploads\/fotobb-8.jpg\" alt=\"\" width=\"680\" height=\"510\" srcset=\"https:\/\/diarioregionaldigital.com.br\/wp-content\/uploads\/fotobb-8.jpg 1280w, https:\/\/diarioregionaldigital.com.br\/wp-content\/uploads\/fotobb-8-300x225.jpg 300w, https:\/\/diarioregionaldigital.com.br\/wp-content\/uploads\/fotobb-8-768x576.jpg 768w, https:\/\/diarioregionaldigital.com.br\/wp-content\/uploads\/fotobb-8-1024x768.jpg 1024w, https:\/\/diarioregionaldigital.com.br\/wp-content\/uploads\/fotobb-8-360x270.jpg 360w\" sizes=\"auto, (max-width: 680px) 100vw, 680px\" \/><p id=\"caption-attachment-154442\" class=\"wp-caption-text\">No Clube Castinha os amigos Patr\u00edcia Caniato, Alexandra Caniato, Eduardo Gomes, Edimar Augusto e Gilberto Peixoto comemoraram o anivers\u00e1rio de Jaciara Reis (no centro)<\/p><\/div>\n<div id=\"attachment_154444\" style=\"width: 690px\" class=\"wp-caption aligncenter\"><img loading=\"lazy\" decoding=\"async\" aria-describedby=\"caption-attachment-154444\" class=\"wp-image-154444\" src=\"https:\/\/diarioregionaldigital.com.br\/wp-content\/uploads\/fotocc-5-e1580188733240.jpg\" alt=\"\" width=\"680\" height=\"520\" srcset=\"https:\/\/diarioregionaldigital.com.br\/wp-content\/uploads\/fotocc-5-e1580188733240.jpg 715w, https:\/\/diarioregionaldigital.com.br\/wp-content\/uploads\/fotocc-5-e1580188733240-300x230.jpg 300w, https:\/\/diarioregionaldigital.com.br\/wp-content\/uploads\/fotocc-5-e1580188733240-360x275.jpg 360w\" sizes=\"auto, (max-width: 680px) 100vw, 680px\" \/><p id=\"caption-attachment-154444\" class=\"wp-caption-text\">Amigos cariocas brindando no Riachuelo (RIO), Jeycow Ferraz e Joelson (J\u00f4) Oliveira<\/p><\/div>\n<div id=\"attachment_154447\" style=\"width: 690px\" class=\"wp-caption aligncenter\"><img loading=\"lazy\" decoding=\"async\" aria-describedby=\"caption-attachment-154447\" class=\"wp-image-154447\" src=\"https:\/\/diarioregionaldigital.com.br\/wp-content\/uploads\/fotof-14-e1580188771703.jpg\" alt=\"\" width=\"680\" height=\"515\" srcset=\"https:\/\/diarioregionaldigital.com.br\/wp-content\/uploads\/fotof-14-e1580188771703.jpg 1176w, https:\/\/diarioregionaldigital.com.br\/wp-content\/uploads\/fotof-14-e1580188771703-300x227.jpg 300w, https:\/\/diarioregionaldigital.com.br\/wp-content\/uploads\/fotof-14-e1580188771703-768x581.jpg 768w, https:\/\/diarioregionaldigital.com.br\/wp-content\/uploads\/fotof-14-e1580188771703-1024x775.jpg 1024w, https:\/\/diarioregionaldigital.com.br\/wp-content\/uploads\/fotof-14-e1580188771703-360x272.jpg 360w\" sizes=\"auto, (max-width: 680px) 100vw, 680px\" \/><p id=\"caption-attachment-154447\" class=\"wp-caption-text\">Em contagem regressiva para o \u201cBloco da Papel\u201d dia 15\/02, Elizangela Santana, Raquel Torres e Renata Marxx<\/p><\/div>\n<div id=\"attachment_154448\" style=\"width: 690px\" class=\"wp-caption aligncenter\"><img loading=\"lazy\" decoding=\"async\" aria-describedby=\"caption-attachment-154448\" class=\"wp-image-154448\" src=\"https:\/\/diarioregionaldigital.com.br\/wp-content\/uploads\/fotog-14-e1580188820864.jpg\" alt=\"\" width=\"680\" height=\"586\" srcset=\"https:\/\/diarioregionaldigital.com.br\/wp-content\/uploads\/fotog-14-e1580188820864.jpg 1168w, https:\/\/diarioregionaldigital.com.br\/wp-content\/uploads\/fotog-14-e1580188820864-300x259.jpg 300w, https:\/\/diarioregionaldigital.com.br\/wp-content\/uploads\/fotog-14-e1580188820864-768x662.jpg 768w, https:\/\/diarioregionaldigital.com.br\/wp-content\/uploads\/fotog-14-e1580188820864-1024x883.jpg 1024w, https:\/\/diarioregionaldigital.com.br\/wp-content\/uploads\/fotog-14-e1580188820864-360x310.jpg 360w\" sizes=\"auto, (max-width: 680px) 100vw, 680px\" \/><p id=\"caption-attachment-154448\" class=\"wp-caption-text\">No Buffet Gutierrez Milione, Jesus Andrade festejou anivers\u00e1rio ladeado de Jorge J\u00fanior e Mauro Lippi<\/p><\/div>\n<div id=\"attachment_154451\" style=\"width: 690px\" class=\"wp-caption aligncenter\"><img loading=\"lazy\" decoding=\"async\" aria-describedby=\"caption-attachment-154451\" class=\"wp-image-154451\" src=\"https:\/\/diarioregionaldigital.com.br\/wp-content\/uploads\/fotoj-10.jpg\" alt=\"\" width=\"680\" height=\"452\" srcset=\"https:\/\/diarioregionaldigital.com.br\/wp-content\/uploads\/fotoj-10.jpg 1770w, https:\/\/diarioregionaldigital.com.br\/wp-content\/uploads\/fotoj-10-300x199.jpg 300w, https:\/\/diarioregionaldigital.com.br\/wp-content\/uploads\/fotoj-10-768x510.jpg 768w, https:\/\/diarioregionaldigital.com.br\/wp-content\/uploads\/fotoj-10-1024x680.jpg 1024w, https:\/\/diarioregionaldigital.com.br\/wp-content\/uploads\/fotoj-10-360x239.jpg 360w\" sizes=\"auto, (max-width: 680px) 100vw, 680px\" \/><p id=\"caption-attachment-154451\" class=\"wp-caption-text\">Na Resenha do Bar do Chico, Andreia Pereira, Vin\u00edcius Ciribeli, Lenilson Fonseca, Lidiane Stambassi e Erika Beire<\/p><\/div>\n<div id=\"attachment_154450\" style=\"width: 690px\" class=\"wp-caption aligncenter\"><img loading=\"lazy\" decoding=\"async\" aria-describedby=\"caption-attachment-154450\" class=\"wp-image-154450\" src=\"https:\/\/diarioregionaldigital.com.br\/wp-content\/uploads\/fotoi-15.jpg\" alt=\"\" width=\"680\" height=\"451\" srcset=\"https:\/\/diarioregionaldigital.com.br\/wp-content\/uploads\/fotoi-15.jpg 1764w, https:\/\/diarioregionaldigital.com.br\/wp-content\/uploads\/fotoi-15-300x199.jpg 300w, https:\/\/diarioregionaldigital.com.br\/wp-content\/uploads\/fotoi-15-768x509.jpg 768w, https:\/\/diarioregionaldigital.com.br\/wp-content\/uploads\/fotoi-15-1024x679.jpg 1024w, https:\/\/diarioregionaldigital.com.br\/wp-content\/uploads\/fotoi-15-360x239.jpg 360w\" sizes=\"auto, (max-width: 680px) 100vw, 680px\" \/><p id=\"caption-attachment-154450\" class=\"wp-caption-text\">\u00c2ngela Mello Moreira comemorou anivers\u00e1rio em Angra dos Reis com, Constan\u00e7a Rocha, \u00c2ngela Gravina, Thereza Rebou\u00e7as, L\u00facia Maruff e Marialva Torturella<\/p><\/div>\n<p style=\"text-align: center;\">FOTOSS\u00cdNTESE<\/p>\n<p>Para o dia 14 de dezembro tem Roda de Samba na C\u00e2mara Municipal.<\/p>\n<p>Com muita batucada e ziriguidum, o Bloco Nega Maria da diva Sandra Portella vai arasar dia 09 de fevereiro, de 14 \u00e0s 21h, no Espa\u00e7o Folia do Independ\u00eancia Shopping.<\/p>\n<p>Muito sentido na cidade o falecimento da estimada Maria Auxiliadora Proc\u00f3pio de Souza. Mulher fina e elegante, ela ao lado da s\u00f3cia Cleuza Campos vestia este colunista no in\u00edcio da carreira com roupas chiques da grife Spechio. Deixou saudades.<\/p>\n<p>Tradicional evento filantr\u00f3pico, a Feijoada da Ascomcer foi marcada para o dia 21 de mar\u00e7o. Em sua 6\u00aa edi\u00e7\u00e3o ser\u00e1 realizada mais uma vez no Trade Hotel.<\/p>\n<p>Susu Couto passou e deu aquele al\u00f4.<\/p>\n<p>A FIEMG Regional recebeu um bom p\u00fablico para o curso de Planejamento Financeiro Empresarial. Para tratar do assunto, foi convocado o Mestre em Administra\u00e7\u00e3o e Desenvolvimento Empresarial, Rodrigo Ferraz de Almeida.<\/p>\n<p>Est\u00e1 um primor a exposi\u00e7\u00e3o na Galeria Renato de Almeida do Pr\u00f3-Musica com o tema \u201cIbitipoca-Minas que Transformam\u201d. Em cena 36 fotos assinadas por Araqu\u00e9m Alc\u00e2ntara.<\/p>\n<p>Felipe Roque a ex-BBB Gleice Damasceno e o juiz-forano Thiago Souza Reis fazem parte do elenco do filme \u201cResistir para recome\u00e7ar\u201d, com dire\u00e7\u00e3o de Pedro Nascimento. Estreia em maio.<\/p>\n<p>Nas redes sociais, TV, r\u00e1dio e nas rodinhas de fofoca, o nome da atriz Regina Duarte e o enredo da Mangueira foram os assuntos preferidos pelo Brasil a fora. Bom dia!<\/p>\n<p><img loading=\"lazy\" decoding=\"async\" class=\"aligncenter size-full wp-image-154199\" src=\"https:\/\/diarioregionaldigital.com.br\/wp-content\/uploads\/diario-pagina-05-3.jpg\" alt=\"\" width=\"3468\" height=\"1320\" srcset=\"https:\/\/diarioregionaldigital.com.br\/wp-content\/uploads\/diario-pagina-05-3.jpg 3468w, https:\/\/diarioregionaldigital.com.br\/wp-content\/uploads\/diario-pagina-05-3-300x114.jpg 300w, https:\/\/diarioregionaldigital.com.br\/wp-content\/uploads\/diario-pagina-05-3-768x292.jpg 768w, https:\/\/diarioregionaldigital.com.br\/wp-content\/uploads\/diario-pagina-05-3-1024x390.jpg 1024w, https:\/\/diarioregionaldigital.com.br\/wp-content\/uploads\/diario-pagina-05-3-360x137.jpg 360w\" sizes=\"auto, (max-width: 3468px) 100vw, 3468px\" \/><\/p>\n","protected":false},"excerpt":{"rendered":"<p>Porta dos Fundos N\u00e3o sei por que a Justi\u00e7a e a imprensa em geral analisam a quest\u00e3o provocada pelo grupo Porta dos Fundos como liberdade de express\u00e3o. Essa liberdade de express\u00e3o deve ser preservada, mas a quest\u00e3o \u00e9 olhar o problema como difama\u00e7\u00e3o. Foi exatamente isso o que aconteceu, e difamar \u00e9 crime. Plasticidade Est\u00e1 [&hellip;]<\/p>\n","protected":false},"author":96,"featured_media":154439,"comment_status":"closed","ping_status":"closed","sticky":false,"template":"","format":"standard","meta":{"footnotes":""},"categories":[264],"tags":[],"class_list":["post-154464","post","type-post","status-publish","format-standard","has-post-thumbnail","hentry","category-eduardo-gomes"],"_links":{"self":[{"href":"https:\/\/diarioregionaldigital.com.br\/index.php?rest_route=\/wp\/v2\/posts\/154464","targetHints":{"allow":["GET"]}}],"collection":[{"href":"https:\/\/diarioregionaldigital.com.br\/index.php?rest_route=\/wp\/v2\/posts"}],"about":[{"href":"https:\/\/diarioregionaldigital.com.br\/index.php?rest_route=\/wp\/v2\/types\/post"}],"author":[{"embeddable":true,"href":"https:\/\/diarioregionaldigital.com.br\/index.php?rest_route=\/wp\/v2\/users\/96"}],"replies":[{"embeddable":true,"href":"https:\/\/diarioregionaldigital.com.br\/index.php?rest_route=%2Fwp%2Fv2%2Fcomments&post=154464"}],"version-history":[{"count":0,"href":"https:\/\/diarioregionaldigital.com.br\/index.php?rest_route=\/wp\/v2\/posts\/154464\/revisions"}],"wp:featuredmedia":[{"embeddable":true,"href":"https:\/\/diarioregionaldigital.com.br\/index.php?rest_route=\/wp\/v2\/media\/154439"}],"wp:attachment":[{"href":"https:\/\/diarioregionaldigital.com.br\/index.php?rest_route=%2Fwp%2Fv2%2Fmedia&parent=154464"}],"wp:term":[{"taxonomy":"category","embeddable":true,"href":"https:\/\/diarioregionaldigital.com.br\/index.php?rest_route=%2Fwp%2Fv2%2Fcategories&post=154464"},{"taxonomy":"post_tag","embeddable":true,"href":"https:\/\/diarioregionaldigital.com.br\/index.php?rest_route=%2Fwp%2Fv2%2Ftags&post=154464"}],"curies":[{"name":"wp","href":"https:\/\/api.w.org\/{rel}","templated":true}]}}