{"id":154460,"date":"2020-01-27T18:59:58","date_gmt":"2020-01-27T20:59:58","guid":{"rendered":"https:\/\/diarioregionaldigital.com.br\/?p=154460"},"modified":"2020-01-27T18:59:58","modified_gmt":"2020-01-27T20:59:58","slug":"veiculo-furtado-no-ano-de-2018-e-recuperado-pela-policia-rodoviaria-federal","status":"publish","type":"post","link":"https:\/\/diarioregionaldigital.com.br\/?p=154460","title":{"rendered":"Ve\u00edculo furtado no ano de 2018 \u00e9 recuperado pela Pol\u00edcia Rodovi\u00e1ria Federal"},"content":{"rendered":"<p><span style=\"font-weight: 400;\">A Pol\u00edcia Rodovi\u00e1ria Federal (PRF) recuperou nesse s\u00e1bado (25), um autom\u00f3vel de cor branca no Km 606 da BR-040 no munic\u00edpio de Congonhas. Segundo informa\u00e7\u00f5es, o ve\u00edculo apresentava caracter\u00edsticas fora do padr\u00e3o.\u00a0<\/span><\/p>\n<p><span style=\"font-weight: 400;\">Durante a revista, os agentes identificaram pe\u00e7as datadas do ano de 2017, por\u00e9m o documento do ve\u00edculo constava que o modelo era 2018. Ap\u00f3s verifica\u00e7\u00e3o, foi confirmado que os dados do autom\u00f3vel foram alterados. A placa correta do ve\u00edculo correspondia a um outro, de mesma marca e modelo, para o qual constava queixa de furto na cidade de Sabar\u00e1 no dia 19 de setembro 2018.<\/span><\/p>\n<p><span style=\"font-weight: 400;\">O condutor abordado relatou que pegou o carro emprestado com um amigo na \u00faltima sexta-feira (24), para chegar at\u00e9 a cidade de Ita\u00fana e estava retornando para Juiz de Fora. O motorista divulgou somente o apelido do amigo e sup\u00f4s que o mesmo mora no bairro Benfica.<\/span><\/p>\n<p><span style=\"font-weight: 400;\">A PRF encontrou uma muni\u00e7\u00e3o intacta de calibre .38 debaixo do banco passageiro no interior do ve\u00edculo. O condutor foi preso e encaminhado para a Delegacia de Conselheiro Lafaiete.<\/span><\/p>\n","protected":false},"excerpt":{"rendered":"<p>A Pol\u00edcia Rodovi\u00e1ria Federal (PRF) recuperou nesse s\u00e1bado (25), um autom\u00f3vel de cor branca no Km 606 da BR-040 no munic\u00edpio de Congonhas. Segundo informa\u00e7\u00f5es, o ve\u00edculo apresentava caracter\u00edsticas fora do padr\u00e3o.\u00a0 Durante a revista, os agentes identificaram pe\u00e7as datadas do ano de 2017, por\u00e9m o documento do ve\u00edculo constava que o modelo era 2018. [&hellip;]<\/p>\n","protected":false},"author":96,"featured_media":154461,"comment_status":"closed","ping_status":"closed","sticky":false,"template":"","format":"standard","meta":{"footnotes":""},"categories":[301,436,439],"tags":[],"class_list":["post-154460","post","type-post","status-publish","format-standard","has-post-thumbnail","hentry","category-artigos-policiais","category-destaque-da-semana","category-ultima-hora"],"_links":{"self":[{"href":"https:\/\/diarioregionaldigital.com.br\/index.php?rest_route=\/wp\/v2\/posts\/154460","targetHints":{"allow":["GET"]}}],"collection":[{"href":"https:\/\/diarioregionaldigital.com.br\/index.php?rest_route=\/wp\/v2\/posts"}],"about":[{"href":"https:\/\/diarioregionaldigital.com.br\/index.php?rest_route=\/wp\/v2\/types\/post"}],"author":[{"embeddable":true,"href":"https:\/\/diarioregionaldigital.com.br\/index.php?rest_route=\/wp\/v2\/users\/96"}],"replies":[{"embeddable":true,"href":"https:\/\/diarioregionaldigital.com.br\/index.php?rest_route=%2Fwp%2Fv2%2Fcomments&post=154460"}],"version-history":[{"count":0,"href":"https:\/\/diarioregionaldigital.com.br\/index.php?rest_route=\/wp\/v2\/posts\/154460\/revisions"}],"wp:featuredmedia":[{"embeddable":true,"href":"https:\/\/diarioregionaldigital.com.br\/index.php?rest_route=\/wp\/v2\/media\/154461"}],"wp:attachment":[{"href":"https:\/\/diarioregionaldigital.com.br\/index.php?rest_route=%2Fwp%2Fv2%2Fmedia&parent=154460"}],"wp:term":[{"taxonomy":"category","embeddable":true,"href":"https:\/\/diarioregionaldigital.com.br\/index.php?rest_route=%2Fwp%2Fv2%2Fcategories&post=154460"},{"taxonomy":"post_tag","embeddable":true,"href":"https:\/\/diarioregionaldigital.com.br\/index.php?rest_route=%2Fwp%2Fv2%2Ftags&post=154460"}],"curies":[{"name":"wp","href":"https:\/\/api.w.org\/{rel}","templated":true}]}}