{"id":154457,"date":"2020-01-27T18:57:53","date_gmt":"2020-01-27T20:57:53","guid":{"rendered":"https:\/\/diarioregionaldigital.com.br\/?p=154457"},"modified":"2020-01-27T18:57:53","modified_gmt":"2020-01-27T20:57:53","slug":"camara-recebe-donativos-para-vitimas-das-enchentes-no-estado-de-minas-gerais","status":"publish","type":"post","link":"https:\/\/diarioregionaldigital.com.br\/?p=154457","title":{"rendered":"C\u00e2mara recebe donativos para v\u00edtimas das enchentes no Estado de Minas Gerais"},"content":{"rendered":"<p>A C\u00e2mara de Juiz de Fora deu in\u00edcio a uma campanha para arrecadar donativos que ser\u00e3o direcionados \u00e0s fam\u00edlias atingidas pelas chuvas e enchentes em v\u00e1rias cidades de Minas Gerais. O ponto de arrecada\u00e7\u00e3o foi montado no estacionamento do pr\u00e9dio da C\u00e2mara, na rua Halfeld, 955, funcionando das 8h \u00e0s 18h. Est\u00e3o sendo recolhidas doa\u00e7\u00f5es de \u00e1gua mineral, alimentos, roupas, produtos de higiene pessoal, material de limpeza, colch\u00f5es, roupa de cama e cobertores.<\/p>\n<p>&nbsp;<\/p>\n<p><strong>Fonte:\u00a0<\/strong>Assessoria<\/p>\n","protected":false},"excerpt":{"rendered":"<p>A C\u00e2mara de Juiz de Fora deu in\u00edcio a uma campanha para arrecadar donativos que ser\u00e3o direcionados \u00e0s fam\u00edlias atingidas pelas chuvas e enchentes em v\u00e1rias cidades de Minas Gerais. O ponto de arrecada\u00e7\u00e3o foi montado no estacionamento do pr\u00e9dio da C\u00e2mara, na rua Halfeld, 955, funcionando das 8h \u00e0s 18h. Est\u00e3o sendo recolhidas doa\u00e7\u00f5es [&hellip;]<\/p>\n","protected":false},"author":96,"featured_media":154458,"comment_status":"closed","ping_status":"closed","sticky":false,"template":"","format":"standard","meta":{"footnotes":""},"categories":[253,436,439],"tags":[],"class_list":["post-154457","post","type-post","status-publish","format-standard","has-post-thumbnail","hentry","category-cidade","category-destaque-da-semana","category-ultima-hora"],"_links":{"self":[{"href":"https:\/\/diarioregionaldigital.com.br\/index.php?rest_route=\/wp\/v2\/posts\/154457","targetHints":{"allow":["GET"]}}],"collection":[{"href":"https:\/\/diarioregionaldigital.com.br\/index.php?rest_route=\/wp\/v2\/posts"}],"about":[{"href":"https:\/\/diarioregionaldigital.com.br\/index.php?rest_route=\/wp\/v2\/types\/post"}],"author":[{"embeddable":true,"href":"https:\/\/diarioregionaldigital.com.br\/index.php?rest_route=\/wp\/v2\/users\/96"}],"replies":[{"embeddable":true,"href":"https:\/\/diarioregionaldigital.com.br\/index.php?rest_route=%2Fwp%2Fv2%2Fcomments&post=154457"}],"version-history":[{"count":0,"href":"https:\/\/diarioregionaldigital.com.br\/index.php?rest_route=\/wp\/v2\/posts\/154457\/revisions"}],"wp:featuredmedia":[{"embeddable":true,"href":"https:\/\/diarioregionaldigital.com.br\/index.php?rest_route=\/wp\/v2\/media\/154458"}],"wp:attachment":[{"href":"https:\/\/diarioregionaldigital.com.br\/index.php?rest_route=%2Fwp%2Fv2%2Fmedia&parent=154457"}],"wp:term":[{"taxonomy":"category","embeddable":true,"href":"https:\/\/diarioregionaldigital.com.br\/index.php?rest_route=%2Fwp%2Fv2%2Fcategories&post=154457"},{"taxonomy":"post_tag","embeddable":true,"href":"https:\/\/diarioregionaldigital.com.br\/index.php?rest_route=%2Fwp%2Fv2%2Ftags&post=154457"}],"curies":[{"name":"wp","href":"https:\/\/api.w.org\/{rel}","templated":true}]}}