{"id":154454,"date":"2020-01-27T18:55:12","date_gmt":"2020-01-27T20:55:12","guid":{"rendered":"https:\/\/diarioregionaldigital.com.br\/?p=154454"},"modified":"2020-01-27T18:55:12","modified_gmt":"2020-01-27T20:55:12","slug":"forca-tarefa-inibe-desfile-de-bloco-irregular","status":"publish","type":"post","link":"https:\/\/diarioregionaldigital.com.br\/?p=154454","title":{"rendered":"For\u00e7a-tarefa inibe desfile de bloco irregular"},"content":{"rendered":"<p>Mais um bloco irregular marcado para o \u00faltimo s\u00e1bado (25), na pra\u00e7a do Bairro Jardim Gl\u00f3ria, n\u00e3o desfilou, devido \u00e0 atua\u00e7\u00e3o da for\u00e7a-tarefa composta pela Prefeitura de Juiz de Fora (PJF), pol\u00edcias Militar e Civil e Minist\u00e9rio P\u00fablico. Nesse final de semana, somente este evento sem autoriza\u00e7\u00e3o convocado via redes sociais havia sido identificado.<\/p>\n<p>No fim de semana anterior, a for\u00e7a-tarefa inibiu, tamb\u00e9m, a realiza\u00e7\u00e3o desse tipo de evento irregular nos bairros Eldorado, Bom Pastor e Santa Terezinha. A Funda\u00e7\u00e3o Cultural \u201cAlfredo Ferreira Lage\u201d (Funalfa) alerta que n\u00e3o est\u00e1 autorizado nenhum bloco carnavalesco, em local p\u00fablico, antes de 7 de fevereiro. Quem receber convites para algum evento e quiser confirmar se \u00e9 irregular, ou n\u00e3o, \u00e9 s\u00f3 acessar o site www.funalfa.com.br\/carnaval<\/p>\n<p>&nbsp;<\/p>\n<p><strong>Fonte:<\/strong>\u00a0Assessoria<\/p>\n","protected":false},"excerpt":{"rendered":"<p>Mais um bloco irregular marcado para o \u00faltimo s\u00e1bado (25), na pra\u00e7a do Bairro Jardim Gl\u00f3ria, n\u00e3o desfilou, devido \u00e0 atua\u00e7\u00e3o da for\u00e7a-tarefa composta pela Prefeitura de Juiz de Fora (PJF), pol\u00edcias Militar e Civil e Minist\u00e9rio P\u00fablico. Nesse final de semana, somente este evento sem autoriza\u00e7\u00e3o convocado via redes sociais havia sido identificado. No [&hellip;]<\/p>\n","protected":false},"author":96,"featured_media":154455,"comment_status":"closed","ping_status":"closed","sticky":false,"template":"","format":"standard","meta":{"footnotes":""},"categories":[253,436,439],"tags":[],"class_list":["post-154454","post","type-post","status-publish","format-standard","has-post-thumbnail","hentry","category-cidade","category-destaque-da-semana","category-ultima-hora"],"_links":{"self":[{"href":"https:\/\/diarioregionaldigital.com.br\/index.php?rest_route=\/wp\/v2\/posts\/154454","targetHints":{"allow":["GET"]}}],"collection":[{"href":"https:\/\/diarioregionaldigital.com.br\/index.php?rest_route=\/wp\/v2\/posts"}],"about":[{"href":"https:\/\/diarioregionaldigital.com.br\/index.php?rest_route=\/wp\/v2\/types\/post"}],"author":[{"embeddable":true,"href":"https:\/\/diarioregionaldigital.com.br\/index.php?rest_route=\/wp\/v2\/users\/96"}],"replies":[{"embeddable":true,"href":"https:\/\/diarioregionaldigital.com.br\/index.php?rest_route=%2Fwp%2Fv2%2Fcomments&post=154454"}],"version-history":[{"count":0,"href":"https:\/\/diarioregionaldigital.com.br\/index.php?rest_route=\/wp\/v2\/posts\/154454\/revisions"}],"wp:featuredmedia":[{"embeddable":true,"href":"https:\/\/diarioregionaldigital.com.br\/index.php?rest_route=\/wp\/v2\/media\/154455"}],"wp:attachment":[{"href":"https:\/\/diarioregionaldigital.com.br\/index.php?rest_route=%2Fwp%2Fv2%2Fmedia&parent=154454"}],"wp:term":[{"taxonomy":"category","embeddable":true,"href":"https:\/\/diarioregionaldigital.com.br\/index.php?rest_route=%2Fwp%2Fv2%2Fcategories&post=154454"},{"taxonomy":"post_tag","embeddable":true,"href":"https:\/\/diarioregionaldigital.com.br\/index.php?rest_route=%2Fwp%2Fv2%2Ftags&post=154454"}],"curies":[{"name":"wp","href":"https:\/\/api.w.org\/{rel}","templated":true}]}}