{"id":154437,"date":"2020-01-27T18:51:21","date_gmt":"2020-01-27T20:51:21","guid":{"rendered":"https:\/\/diarioregionaldigital.com.br\/?p=154437"},"modified":"2020-01-27T18:51:21","modified_gmt":"2020-01-27T20:51:21","slug":"policia-militar-prende-dois-individuos-por-posse-de-drogas","status":"publish","type":"post","link":"https:\/\/diarioregionaldigital.com.br\/?p=154437","title":{"rendered":"Pol\u00edcia Militar prende dois indiv\u00edduos por posse de drogas"},"content":{"rendered":"<p><span style=\"font-weight: 400;\">A Pol\u00edcia Militar (PM) prendeu nesse s\u00e1bado (25), dois indiv\u00edduos de 19 e 16 anos respectivamente, por posse de drogas durante uma opera\u00e7\u00e3o no bairro Retiro em Juiz de Fora. Ambos apresentavam uma quantidade significativa de drogas e estavam com posse de armas de fogo. No momento da abordagem, o maior de idade se desfez de uma sacola contendo 141 pedras de crack, 61 papelotes de coca\u00edna e 58 buchas de maconha. Foram apreendidos tamb\u00e9m 1 rel\u00f3gio e quantia de R$ 649,00. O jovem de 19 anos foi preso e o adolescente de 16 foi apreendido, ambos encaminhados para a Delegacia.<\/span><\/p>\n<p><span style=\"font-weight: 400;\">Nesse domingo (26), a PM recebeu informa\u00e7\u00f5es em que uma pessoa an\u00f4nima denunciou sobre a mesma sacola arremessada pelo maior de idade, contendo a mesma quantidade de drogas que foi deixada pr\u00f3ximo ao local da pris\u00e3o dos autores do crime.\u00a0\u00a0<\/span><\/p>\n<p><span style=\"font-weight: 400;\">Ao chegar no bairro Retiro, a equipe encontrou a sacola pl\u00e1stica com caracter\u00edsticas parecidas com as que foram relatadas na den\u00fancia. Dentro do recipiente, os agentes encontraram uma quantidade significante de drogas e estavam embaladas de forma semelhante, assim como os materiais apreendidos pela PM durante a pris\u00e3o dos dois suspeitos no dia anterior.<\/span><\/p>\n","protected":false},"excerpt":{"rendered":"<p>A Pol\u00edcia Militar (PM) prendeu nesse s\u00e1bado (25), dois indiv\u00edduos de 19 e 16 anos respectivamente, por posse de drogas durante uma opera\u00e7\u00e3o no bairro Retiro em Juiz de Fora. Ambos apresentavam uma quantidade significativa de drogas e estavam com posse de armas de fogo. No momento da abordagem, o maior de idade se desfez [&hellip;]<\/p>\n","protected":false},"author":96,"featured_media":154452,"comment_status":"closed","ping_status":"closed","sticky":false,"template":"","format":"standard","meta":{"footnotes":""},"categories":[301,436,439],"tags":[],"class_list":["post-154437","post","type-post","status-publish","format-standard","has-post-thumbnail","hentry","category-artigos-policiais","category-destaque-da-semana","category-ultima-hora"],"_links":{"self":[{"href":"https:\/\/diarioregionaldigital.com.br\/index.php?rest_route=\/wp\/v2\/posts\/154437","targetHints":{"allow":["GET"]}}],"collection":[{"href":"https:\/\/diarioregionaldigital.com.br\/index.php?rest_route=\/wp\/v2\/posts"}],"about":[{"href":"https:\/\/diarioregionaldigital.com.br\/index.php?rest_route=\/wp\/v2\/types\/post"}],"author":[{"embeddable":true,"href":"https:\/\/diarioregionaldigital.com.br\/index.php?rest_route=\/wp\/v2\/users\/96"}],"replies":[{"embeddable":true,"href":"https:\/\/diarioregionaldigital.com.br\/index.php?rest_route=%2Fwp%2Fv2%2Fcomments&post=154437"}],"version-history":[{"count":0,"href":"https:\/\/diarioregionaldigital.com.br\/index.php?rest_route=\/wp\/v2\/posts\/154437\/revisions"}],"wp:featuredmedia":[{"embeddable":true,"href":"https:\/\/diarioregionaldigital.com.br\/index.php?rest_route=\/wp\/v2\/media\/154452"}],"wp:attachment":[{"href":"https:\/\/diarioregionaldigital.com.br\/index.php?rest_route=%2Fwp%2Fv2%2Fmedia&parent=154437"}],"wp:term":[{"taxonomy":"category","embeddable":true,"href":"https:\/\/diarioregionaldigital.com.br\/index.php?rest_route=%2Fwp%2Fv2%2Fcategories&post=154437"},{"taxonomy":"post_tag","embeddable":true,"href":"https:\/\/diarioregionaldigital.com.br\/index.php?rest_route=%2Fwp%2Fv2%2Ftags&post=154437"}],"curies":[{"name":"wp","href":"https:\/\/api.w.org\/{rel}","templated":true}]}}