{"id":154434,"date":"2020-01-27T17:35:41","date_gmt":"2020-01-27T19:35:41","guid":{"rendered":"https:\/\/diarioregionaldigital.com.br\/?p=154434"},"modified":"2020-01-27T17:35:41","modified_gmt":"2020-01-27T19:35:41","slug":"entrega-das-inscricoes-para-a-copa-juiz-de-fora-de-futebol-amador-acontece-na-quarta-feira","status":"publish","type":"post","link":"https:\/\/diarioregionaldigital.com.br\/?p=154434","title":{"rendered":"Entrega das inscri\u00e7\u00f5es para a Copa Juiz de Fora de Futebol Amador acontece na quarta-feira"},"content":{"rendered":"<p><span style=\"font-weight: 400;\">Os representantes das equipes interessadas em participar da Copa Juiz de Fora de Futebol Amador 2020 dever\u00e3o entregar as fichas de inscri\u00e7\u00e3o, devidamente preenchidas, na quarta-feira, 29, na sede da Secretaria de Esporte e Lazer (SEL), no Cesporte (Avenida Rui Barbosa, 530, Bairro Santa Terezinha), das 8 \u00e0s 12 horas e das 14 \u00e0s 18 horas. A disputa acontecer\u00e1 entre fevereiro e junho, constitu\u00edda pelas categorias adulto, veterano, master, supermaster, s\u00eanior e feminino, com objetivo de incentivar educacionalmente a pr\u00e1tica do futebol e promover o interc\u00e2mbio desportivo e social. Os jogos acontecer\u00e3o aos domingos, nos campos das Comiss\u00f5es de Administra\u00e7\u00e3o de Espa\u00e7os Municipais (Caems). Este ano, espera-se que cerca de 130 equipes participem da competi\u00e7\u00e3o.<\/span><\/p>\n<p><span style=\"font-weight: 400;\">Os congressos t\u00e9cnicos ser\u00e3o realizados na segunda-feira, 3 de fevereiro, \u00e0s 18h30, para as categorias adulta e veterana, e na ter\u00e7a, 4, \u00e0s 18h30, para as demais categorias, no audit\u00f3rio da SEL.\u00a0<\/span><\/p>\n<p>&nbsp;<\/p>\n<p><strong>Fonte:<\/strong>\u00a0Assessoria<\/p>\n","protected":false},"excerpt":{"rendered":"<p>Os representantes das equipes interessadas em participar da Copa Juiz de Fora de Futebol Amador 2020 dever\u00e3o entregar as fichas de inscri\u00e7\u00e3o, devidamente preenchidas, na quarta-feira, 29, na sede da Secretaria de Esporte e Lazer (SEL), no Cesporte (Avenida Rui Barbosa, 530, Bairro Santa Terezinha), das 8 \u00e0s 12 horas e das 14 \u00e0s 18 [&hellip;]<\/p>\n","protected":false},"author":96,"featured_media":154435,"comment_status":"closed","ping_status":"closed","sticky":false,"template":"","format":"standard","meta":{"footnotes":""},"categories":[436,257,439],"tags":[],"class_list":["post-154434","post","type-post","status-publish","format-standard","has-post-thumbnail","hentry","category-destaque-da-semana","category-esporte","category-ultima-hora"],"_links":{"self":[{"href":"https:\/\/diarioregionaldigital.com.br\/index.php?rest_route=\/wp\/v2\/posts\/154434","targetHints":{"allow":["GET"]}}],"collection":[{"href":"https:\/\/diarioregionaldigital.com.br\/index.php?rest_route=\/wp\/v2\/posts"}],"about":[{"href":"https:\/\/diarioregionaldigital.com.br\/index.php?rest_route=\/wp\/v2\/types\/post"}],"author":[{"embeddable":true,"href":"https:\/\/diarioregionaldigital.com.br\/index.php?rest_route=\/wp\/v2\/users\/96"}],"replies":[{"embeddable":true,"href":"https:\/\/diarioregionaldigital.com.br\/index.php?rest_route=%2Fwp%2Fv2%2Fcomments&post=154434"}],"version-history":[{"count":0,"href":"https:\/\/diarioregionaldigital.com.br\/index.php?rest_route=\/wp\/v2\/posts\/154434\/revisions"}],"wp:featuredmedia":[{"embeddable":true,"href":"https:\/\/diarioregionaldigital.com.br\/index.php?rest_route=\/wp\/v2\/media\/154435"}],"wp:attachment":[{"href":"https:\/\/diarioregionaldigital.com.br\/index.php?rest_route=%2Fwp%2Fv2%2Fmedia&parent=154434"}],"wp:term":[{"taxonomy":"category","embeddable":true,"href":"https:\/\/diarioregionaldigital.com.br\/index.php?rest_route=%2Fwp%2Fv2%2Fcategories&post=154434"},{"taxonomy":"post_tag","embeddable":true,"href":"https:\/\/diarioregionaldigital.com.br\/index.php?rest_route=%2Fwp%2Fv2%2Ftags&post=154434"}],"curies":[{"name":"wp","href":"https:\/\/api.w.org\/{rel}","templated":true}]}}