{"id":154427,"date":"2020-01-27T17:00:56","date_gmt":"2020-01-27T19:00:56","guid":{"rendered":"https:\/\/diarioregionaldigital.com.br\/?p=154427"},"modified":"2020-01-27T17:00:56","modified_gmt":"2020-01-27T19:00:56","slug":"tupynambas-perde-de-goleada-para-atletico-mg-na-arena-independencia-em-belo-horizonte","status":"publish","type":"post","link":"https:\/\/diarioregionaldigital.com.br\/?p=154427","title":{"rendered":"Tupynamb\u00e1s perde de goleada para Atl\u00e9tico-MG na Arena Independ\u00eancia em Belo Horizonte"},"content":{"rendered":"<p><span style=\"font-weight: 400;\">O Tupynamb\u00e1s foi derrotado por 5&#215;0 para o Atl\u00e9tico-MG nesse domingo (26) na Arena Independ\u00eancia em Belo Horizonte, jogo v\u00e1lido pela 2\u00aa rodada do Campeonato Mineiro 2020. Superior do in\u00edcio ao fim, o Galo da Capital contou tamb\u00e9m com a expuls\u00e3o de Leo Salino ainda no primeiro tempo. Logo aos 8 minutos, o goleiro Renan Rinaldi se machucou sozinho ap\u00f3s uma cobran\u00e7a de escanteio e precisou ser substitu\u00eddo por Bruno.<\/span><\/p>\n<p><span style=\"font-weight: 400;\">Na etapa inicial o Atl\u00e9tico tomou conta do jogo e abriu o placar aos 33 minutos com Gabriel aproveitando cobran\u00e7a de escanteio e cabeceou para o fundo do gol, 1&#215;0 Atl\u00e9tico. No final do primeiro tempo, o Galo ampliou o marcador com Ma\u00edlton, a bola ainda quicou na frente do goleiro Bruno, 2&#215;0 Atl\u00e9tico.<\/span><\/p>\n<p><span style=\"font-weight: 400;\">No segundo tempo a superioridade permaneceu e com apenas 2 minutos disputados at\u00e9 ent\u00e3o, Jair foi derrubado na grande \u00e1rea e o \u00e1rbitro marcou p\u00eanalti. F\u00e1bio Santos foi para a cobran\u00e7a e aumentou a vantagem para o time da casa, 3&#215;0 Atl\u00e9tico.\u00a0<\/span><\/p>\n<p><span style=\"font-weight: 400;\">Aos 12, Allan cruzou na \u00e1rea e Jair deu um chute de voleio, mandando a bola na trave, no rebote Di Santo n\u00e3o perdoou e empurrou para o gol, 4&#215;0 Atl\u00e9tico. Aos 24, ap\u00f3s receber passe de Ma\u00edlton, Bruno Silva driblou o zagueiro do Tupynamb\u00e1s e fechou a goleada para o Galo da Capital, fim de jogo 5&#215;0.<\/span><\/p>\n<p><span style=\"font-weight: 400;\">Na pr\u00f3xima rodada o Baeta recebe a equipe do Am\u00e9rica-MG no Est\u00e1dio Radialista M\u00e1rio Hel\u00eanio em Juiz de Fora e o Atl\u00e9tico visita o Coimbra na Arena Independ\u00eancia em Belo Horizonte.<\/span><\/p>\n<p><span style=\"font-weight: 400;\">Na classifica\u00e7\u00e3o do campeonato o Atl\u00e9tico assumiu a lideran\u00e7a provis\u00f3ria com 6 pontos conquistados. Na vice-lideran\u00e7a aparece a Caldense com 4, URT em 3\u00ba tamb\u00e9m com 4 e Cruzeiro na 4\u00aa posi\u00e7\u00e3o com 3 pontos. J\u00e1 o Tupynamb\u00e1s caiu para a \u00faltima coloca\u00e7\u00e3o do campeonato com nenhum ponto conquistado.<\/span><\/p>\n<p>&nbsp;<\/p>\n<p><b>Resultados da rodada:<\/b><\/p>\n<p><span style=\"font-weight: 400;\">Caldense 2&#215;0 Uberl\u00e2ndia<\/span><\/p>\n<p><span style=\"font-weight: 400;\">Boa Esporte 0x0 Coimbra<\/span><\/p>\n<p><span style=\"font-weight: 400;\">Atl\u00e9tico-MG 5&#215;0 <\/span><b>Tupynamb\u00e1s<\/b><\/p>\n<p><span style=\"font-weight: 400;\">URT 1&#215;0 Patrocinense<\/span><\/p>\n<p><span style=\"font-weight: 400;\">Tombense x Cruzeiro (adiado para 22\/02 em decorr\u00eancia das chuvas na regi\u00e3o)<\/span><\/p>\n<p><span style=\"font-weight: 400;\">Am\u00e9rica MG x Villa Nova (jogo adiado em decorr\u00eancia das chuvas em Belo Horizonte)<\/span><\/p>\n<p>&nbsp;<\/p>\n<p><b>Pr\u00f3xima rodada:<\/b><\/p>\n<p><span style=\"font-weight: 400;\">Cruzeiro x Villa Nova (Hoje &#8211; 20h00\/Est\u00e1dio do Mineir\u00e3o)<\/span><\/p>\n<p><span style=\"font-weight: 400;\">Tombense x Boa Esporte (29\/01-19h00\/Est\u00e1dio Ant\u00f4nio Guimar\u00e3es de Almeida)<\/span><\/p>\n<p><b>Tupynamb\u00e1s <\/b><span style=\"font-weight: 400;\">x Am\u00e9rica-MG (29\/01 &#8211; 20h00\/Est\u00e1dio Radialista M\u00e1rio Hel\u00eanio)<\/span><\/p>\n<p><span style=\"font-weight: 400;\">URT x Caldense (29\/01 &#8211; 20h00\/Est\u00e1dio Mangueir\u00e3o)<\/span><\/p>\n<p><span style=\"font-weight: 400;\">Uberl\u00e2ndia x Patrocinense (29\/01 &#8211; 20h00\/Est\u00e1dio Parque do Sabi\u00e1)<\/span><\/p>\n<p><span style=\"font-weight: 400;\">Coimbra x Atl\u00e9tico &#8211; MG (29\/01 &#8211; 21h30\/Arena Independ\u00eancia)<\/span><\/p>\n","protected":false},"excerpt":{"rendered":"<p>O Tupynamb\u00e1s foi derrotado por 5&#215;0 para o Atl\u00e9tico-MG nesse domingo (26) na Arena Independ\u00eancia em Belo Horizonte, jogo v\u00e1lido pela 2\u00aa rodada do Campeonato Mineiro 2020. Superior do in\u00edcio ao fim, o Galo da Capital contou tamb\u00e9m com a expuls\u00e3o de Leo Salino ainda no primeiro tempo. Logo aos 8 minutos, o goleiro Renan [&hellip;]<\/p>\n","protected":false},"author":96,"featured_media":154429,"comment_status":"closed","ping_status":"closed","sticky":false,"template":"","format":"standard","meta":{"footnotes":""},"categories":[436,257,439],"tags":[],"class_list":["post-154427","post","type-post","status-publish","format-standard","has-post-thumbnail","hentry","category-destaque-da-semana","category-esporte","category-ultima-hora"],"_links":{"self":[{"href":"https:\/\/diarioregionaldigital.com.br\/index.php?rest_route=\/wp\/v2\/posts\/154427","targetHints":{"allow":["GET"]}}],"collection":[{"href":"https:\/\/diarioregionaldigital.com.br\/index.php?rest_route=\/wp\/v2\/posts"}],"about":[{"href":"https:\/\/diarioregionaldigital.com.br\/index.php?rest_route=\/wp\/v2\/types\/post"}],"author":[{"embeddable":true,"href":"https:\/\/diarioregionaldigital.com.br\/index.php?rest_route=\/wp\/v2\/users\/96"}],"replies":[{"embeddable":true,"href":"https:\/\/diarioregionaldigital.com.br\/index.php?rest_route=%2Fwp%2Fv2%2Fcomments&post=154427"}],"version-history":[{"count":0,"href":"https:\/\/diarioregionaldigital.com.br\/index.php?rest_route=\/wp\/v2\/posts\/154427\/revisions"}],"wp:featuredmedia":[{"embeddable":true,"href":"https:\/\/diarioregionaldigital.com.br\/index.php?rest_route=\/wp\/v2\/media\/154429"}],"wp:attachment":[{"href":"https:\/\/diarioregionaldigital.com.br\/index.php?rest_route=%2Fwp%2Fv2%2Fmedia&parent=154427"}],"wp:term":[{"taxonomy":"category","embeddable":true,"href":"https:\/\/diarioregionaldigital.com.br\/index.php?rest_route=%2Fwp%2Fv2%2Fcategories&post=154427"},{"taxonomy":"post_tag","embeddable":true,"href":"https:\/\/diarioregionaldigital.com.br\/index.php?rest_route=%2Fwp%2Fv2%2Ftags&post=154427"}],"curies":[{"name":"wp","href":"https:\/\/api.w.org\/{rel}","templated":true}]}}