{"id":154424,"date":"2020-01-27T16:26:48","date_gmt":"2020-01-27T18:26:48","guid":{"rendered":"https:\/\/diarioregionaldigital.com.br\/?p=154424"},"modified":"2020-01-27T16:26:48","modified_gmt":"2020-01-27T18:26:48","slug":"kobe-bryant-ex-astro-da-nba-morre-em-acidente-de-helicoptero-nos-eua","status":"publish","type":"post","link":"https:\/\/diarioregionaldigital.com.br\/?p=154424","title":{"rendered":"Kobe Bryant, ex-astro da NBA, morre em acidente de helic\u00f3ptero nos EUA"},"content":{"rendered":"<p><span style=\"font-weight: 400;\">Kobe Bryant, ex-astro da NBA (liga americana de basquete) e do time Los Angeles Lakers, morreu nesse domingo (27) em um acidente de helic\u00f3ptero no estado da Calif\u00f3rnia nos EUA. Al\u00e9m do ex-jogador de 41 anos, outras 8 pessoas que estavam no transporte tamb\u00e9m morreram no acidente.\u00a0<\/span><\/p>\n<p><span style=\"font-weight: 400;\">Segundo informa\u00e7\u00f5es das autoridades locais, o helic\u00f3ptero caiu enquanto fazia uma manobra para ganhar altura. Minutos antes do acidente, o piloto teve pouco contato com a torre de controle para explicar que teria que fazer ultrapassagem por cima de uma camada de nuvens.\u00a0<\/span><\/p>\n<p><span style=\"font-weight: 400;\">Minutos antes do acidente, um controlador avisou ao piloto que a aeronave estava muito abaixo do n\u00edvel de monitoramento do radar, em virtude do terreno montanhoso.\u00a0<\/span><\/p>\n<p><span style=\"font-weight: 400;\">Conforme as autoridades, a conversa entre os controladores e piloto, mostra que durante o voo foi identificado uma neblina densa. Por causa disso, a visibilidade ficou comprometida e indicaram uma nova rota para o piloto.\u00a0<\/span><\/p>\n<p><span style=\"font-weight: 400;\">Aproximadamente \u00e0s 09h40 (hor\u00e1rio de Los Angeles), o helic\u00f3ptero precisou realizar uma nova curva e alcan\u00e7ou altura de mais de 2 mil p\u00e9s (609,6 metros) acima do n\u00edvel do mar. Nesse momento a aeronave perdeu altura e bateu em uma colina, quando estava \u00e0 aproximadamente 430 metros de altura.\u00a0<\/span><\/p>\n<p><span style=\"font-weight: 400;\">No momento que atingiu o solo, o helic\u00f3ptero estava a uma velocidade de 296 Km\/h. As autoridades que confirmaram as mortes de outras v\u00edtimas v\u00e3o investigar o caso, no entanto os resultados oficiais podem sair no per\u00edodo de 1 ano.<\/span><\/p>\n<p>&nbsp;<\/p>\n<p><b>Veja quem s\u00e3o as v\u00edtimas do acidente:<\/b><\/p>\n<p><span style=\"font-weight: 400;\">&#8211; Kobe Bryant<\/span><\/p>\n<p><span style=\"font-weight: 400;\">&#8211; Gianna Bryant (filha de 13 anos de Kobe)<\/span><\/p>\n<p><span style=\"font-weight: 400;\">&#8211; John Altobelli (T\u00e9cnico de beisebol do col\u00e9gio Orange Coast, que confirmou sua morte)<\/span><\/p>\n<p><span style=\"font-weight: 400;\">&#8211; Keri, esposa de Altobelli (tamb\u00e9m confirmado pela escola)<\/span><\/p>\n<p><span style=\"font-weight: 400;\">&#8211; Alyssa, filha de Altobelly, 13 anos, e companheira de time de Gianna (tamb\u00e9m confirmado pela escola)<\/span><\/p>\n<p><span style=\"font-weight: 400;\">&#8211; Christina Mauser, t\u00e9cnica de basquete em uma escola da regi\u00e3o (morte confirmada pela prefeita de Costa Mesa, Katrina Foley)<\/span><\/p>\n<p><span style=\"font-weight: 400;\">&#8211; Payton Chester (colega de time de Gianna)<\/span><\/p>\n<p><span style=\"font-weight: 400;\">&#8211; Sarah Chester (m\u00e3e de Payton)<\/span><\/p>\n<p><span style=\"font-weight: 400;\">&#8211; Ara Zobayan (piloto)<\/span><\/p>\n<p><span style=\"font-weight: 400;\">\u00a0<\/span><\/p>\n","protected":false},"excerpt":{"rendered":"<p>Kobe Bryant, ex-astro da NBA (liga americana de basquete) e do time Los Angeles Lakers, morreu nesse domingo (27) em um acidente de helic\u00f3ptero no estado da Calif\u00f3rnia nos EUA. Al\u00e9m do ex-jogador de 41 anos, outras 8 pessoas que estavam no transporte tamb\u00e9m morreram no acidente.\u00a0 Segundo informa\u00e7\u00f5es das autoridades locais, o helic\u00f3ptero caiu [&hellip;]<\/p>\n","protected":false},"author":96,"featured_media":154425,"comment_status":"closed","ping_status":"closed","sticky":false,"template":"","format":"standard","meta":{"footnotes":""},"categories":[436,257,439],"tags":[],"class_list":["post-154424","post","type-post","status-publish","format-standard","has-post-thumbnail","hentry","category-destaque-da-semana","category-esporte","category-ultima-hora"],"_links":{"self":[{"href":"https:\/\/diarioregionaldigital.com.br\/index.php?rest_route=\/wp\/v2\/posts\/154424","targetHints":{"allow":["GET"]}}],"collection":[{"href":"https:\/\/diarioregionaldigital.com.br\/index.php?rest_route=\/wp\/v2\/posts"}],"about":[{"href":"https:\/\/diarioregionaldigital.com.br\/index.php?rest_route=\/wp\/v2\/types\/post"}],"author":[{"embeddable":true,"href":"https:\/\/diarioregionaldigital.com.br\/index.php?rest_route=\/wp\/v2\/users\/96"}],"replies":[{"embeddable":true,"href":"https:\/\/diarioregionaldigital.com.br\/index.php?rest_route=%2Fwp%2Fv2%2Fcomments&post=154424"}],"version-history":[{"count":0,"href":"https:\/\/diarioregionaldigital.com.br\/index.php?rest_route=\/wp\/v2\/posts\/154424\/revisions"}],"wp:featuredmedia":[{"embeddable":true,"href":"https:\/\/diarioregionaldigital.com.br\/index.php?rest_route=\/wp\/v2\/media\/154425"}],"wp:attachment":[{"href":"https:\/\/diarioregionaldigital.com.br\/index.php?rest_route=%2Fwp%2Fv2%2Fmedia&parent=154424"}],"wp:term":[{"taxonomy":"category","embeddable":true,"href":"https:\/\/diarioregionaldigital.com.br\/index.php?rest_route=%2Fwp%2Fv2%2Fcategories&post=154424"},{"taxonomy":"post_tag","embeddable":true,"href":"https:\/\/diarioregionaldigital.com.br\/index.php?rest_route=%2Fwp%2Fv2%2Ftags&post=154424"}],"curies":[{"name":"wp","href":"https:\/\/api.w.org\/{rel}","templated":true}]}}