{"id":154421,"date":"2020-01-27T16:00:05","date_gmt":"2020-01-27T18:00:05","guid":{"rendered":"https:\/\/diarioregionaldigital.com.br\/?p=154421"},"modified":"2020-01-27T16:00:05","modified_gmt":"2020-01-27T18:00:05","slug":"pjf-inicia-na-proxima-semana-inscricoes-para-o-cartao-passe-facil-estudante","status":"publish","type":"post","link":"https:\/\/diarioregionaldigital.com.br\/?p=154421","title":{"rendered":"PJF inicia na pr\u00f3xima semana inscri\u00e7\u00f5es para o \u201cCart\u00e3o Passe F\u00e1cil Estudante\u201d"},"content":{"rendered":"<p><span style=\"font-weight: 400;\">A Secretaria de Educa\u00e7\u00e3o (SE) da Prefeitura de Juiz de Fora (PJF) abre inscri\u00e7\u00f5es para o programa municipal \u201cCart\u00e3o Passe F\u00e1cil Estudante\u201d na pr\u00f3xima semana, a partir de segunda-feira, 3 de fevereiro. O benef\u00edcio, oferecido em parceria com a Secretaria de Transporte e Tr\u00e2nsito (Settra), concede ao aluno da rede municipal de ensino gratuidade no transporte coletivo urbano. O cadastramento poder\u00e1 ser feito at\u00e9 31 de mar\u00e7o.<\/span><\/p>\n<p><span style=\"font-weight: 400;\">O aluno interessado em obter o benef\u00edcio dever\u00e1 estar matriculado e frequente em institui\u00e7\u00e3o de ensino, residir a mais de um quil\u00f4metro da escola e ter renda familiar bruta de at\u00e9 dois sal\u00e1rios m\u00ednimos, al\u00e9m de seguir outros crit\u00e9rios, estabelecidos no edital pjf.mg.gov.br.<\/span><\/p>\n<p><span style=\"font-weight: 400;\">O primeiro passo para requerer o \u201cCart\u00e3o Passe F\u00e1cil\u201d \u00e9 ir \u00e0 ag\u00eancia do Espa\u00e7o Cidad\u00e3o mais perto da resid\u00eancia, entre 8 e 18 horas. Confira os endere\u00e7os:<\/span><\/p>\n<p>&nbsp;<\/p>\n<p><b>&#8211; Central:<\/b><span style=\"font-weight: 400;\"> Avenida Bar\u00e3o do Rio Branco, 2.234, Centro;<\/span><\/p>\n<p><b>&#8211; Sul:<\/b><span style=\"font-weight: 400;\"> Rua Porto das Flores, 270, Bairro Santa Luzia;<\/span><\/p>\n<p><b>&#8211; Norte:<\/b><span style=\"font-weight: 400;\"> Rua In\u00eas Garcia, 357, Benfica;<\/span><\/p>\n<p><b>&#8211; Oeste:<\/b><span style=\"font-weight: 400;\"> Avenida Presidente Costa e Silva, 1.800, S\u00e3o Pedro;<\/span><\/p>\n<p><b>&#8211; Nordeste:<\/b><span style=\"font-weight: 400;\"> Rua Santa Terezinha, 172, Santa Terezinha.<\/span><\/p>\n<p>&nbsp;<\/p>\n<p><span style=\"font-weight: 400;\">O candidato dever\u00e1 levar os originais e c\u00f3pia dos seguintes documentos: certid\u00e3o de nascimento ou carteira de identidade, Cadastro de Pessoa F\u00edsica (CPF), certid\u00e3o de casamento, comprovante de resid\u00eancia, renda familiar, matr\u00edcula do aluno e declara\u00e7\u00e3o de frequ\u00eancia. Os estudantes j\u00e1 cadastrados n\u00e3o precisam efetivar nova inscri\u00e7\u00e3o. Ap\u00f3s este processo, o material seguir\u00e1 para an\u00e1lise da Supervis\u00e3o de Transporte Escolar (STE) da SE, que emitir\u00e1 parecer.<\/span><\/p>\n<p><span style=\"font-weight: 400;\">Os respons\u00e1veis pelos alunos e estudantes menores de 18 anos podem procurar a escola na qual o candidato est\u00e1 matriculado, para solicitar a ficha de inscri\u00e7\u00e3o e o comprovante de matr\u00edcula.<\/span><\/p>\n<p>&nbsp;<\/p>\n<p><strong>Fonte:<\/strong>\u00a0Assessoria<\/p>\n","protected":false},"excerpt":{"rendered":"<p>A Secretaria de Educa\u00e7\u00e3o (SE) da Prefeitura de Juiz de Fora (PJF) abre inscri\u00e7\u00f5es para o programa municipal \u201cCart\u00e3o Passe F\u00e1cil Estudante\u201d na pr\u00f3xima semana, a partir de segunda-feira, 3 de fevereiro. O benef\u00edcio, oferecido em parceria com a Secretaria de Transporte e Tr\u00e2nsito (Settra), concede ao aluno da rede municipal de ensino gratuidade no [&hellip;]<\/p>\n","protected":false},"author":96,"featured_media":154422,"comment_status":"closed","ping_status":"closed","sticky":false,"template":"","format":"standard","meta":{"footnotes":""},"categories":[253,436,440,439],"tags":[],"class_list":["post-154421","post","type-post","status-publish","format-standard","has-post-thumbnail","hentry","category-cidade","category-destaque-da-semana","category-destaques-do-dia","category-ultima-hora"],"_links":{"self":[{"href":"https:\/\/diarioregionaldigital.com.br\/index.php?rest_route=\/wp\/v2\/posts\/154421","targetHints":{"allow":["GET"]}}],"collection":[{"href":"https:\/\/diarioregionaldigital.com.br\/index.php?rest_route=\/wp\/v2\/posts"}],"about":[{"href":"https:\/\/diarioregionaldigital.com.br\/index.php?rest_route=\/wp\/v2\/types\/post"}],"author":[{"embeddable":true,"href":"https:\/\/diarioregionaldigital.com.br\/index.php?rest_route=\/wp\/v2\/users\/96"}],"replies":[{"embeddable":true,"href":"https:\/\/diarioregionaldigital.com.br\/index.php?rest_route=%2Fwp%2Fv2%2Fcomments&post=154421"}],"version-history":[{"count":0,"href":"https:\/\/diarioregionaldigital.com.br\/index.php?rest_route=\/wp\/v2\/posts\/154421\/revisions"}],"wp:featuredmedia":[{"embeddable":true,"href":"https:\/\/diarioregionaldigital.com.br\/index.php?rest_route=\/wp\/v2\/media\/154422"}],"wp:attachment":[{"href":"https:\/\/diarioregionaldigital.com.br\/index.php?rest_route=%2Fwp%2Fv2%2Fmedia&parent=154421"}],"wp:term":[{"taxonomy":"category","embeddable":true,"href":"https:\/\/diarioregionaldigital.com.br\/index.php?rest_route=%2Fwp%2Fv2%2Fcategories&post=154421"},{"taxonomy":"post_tag","embeddable":true,"href":"https:\/\/diarioregionaldigital.com.br\/index.php?rest_route=%2Fwp%2Fv2%2Ftags&post=154421"}],"curies":[{"name":"wp","href":"https:\/\/api.w.org\/{rel}","templated":true}]}}