{"id":154418,"date":"2020-01-27T15:50:44","date_gmt":"2020-01-27T17:50:44","guid":{"rendered":"https:\/\/diarioregionaldigital.com.br\/?p=154418"},"modified":"2020-01-27T15:50:44","modified_gmt":"2020-01-27T17:50:44","slug":"apos-denuncia-do-ministerio-publico-relator-de-cpi-cobra-instalacao-de-observatorio-sobre-brumadinho","status":"publish","type":"post","link":"https:\/\/diarioregionaldigital.com.br\/?p=154418","title":{"rendered":"Ap\u00f3s den\u00fancia do Minist\u00e9rio P\u00fablico, relator de CPI cobra instala\u00e7\u00e3o de observat\u00f3rio sobre Brumadinho"},"content":{"rendered":"<p>O deputado Rog\u00e9rio Correia (PT-MG) elogiou a den\u00fancia do Minist\u00e9rio P\u00fablico que apontou homic\u00eddio doloso e crimes ambientais da mineradora Vale, da empresa alem\u00e3 T\u00fcv S\u00fcd e de 16 pessoas envolvidas no rompimento da barragem da Vale em Brumadinho (MG).<\/p>\n<p>Correia foi o relator da comiss\u00e3o parlamentar de inqu\u00e9rito (CPI) da C\u00e2mara dos Deputados que, em novembro, aprovou por unanimidade a sugest\u00e3o de indiciamento das duas empresas e de 22 pessoas pelo crime socioambiental que deixou 270 v\u00edtimas, entre mortos e desaparecidos.<\/p>\n<p>\u201cJ\u00e1 era esperado que o Minist\u00e9rio P\u00fablico iria na mesma linha que n\u00f3s fomos na CPI. Primeiro, porque trabalhamos em conjunto e somos parceiros na apura\u00e7\u00e3o dos fatos. Em segundo lugar, porque ficou muito claro que tanto a Vale quanto a T\u00fcv S\u00fcd agiram em conluio e sabiam do risco iminente de rompimento da barragem de Fund\u00e3o: a barragem estava doente pelo menos desde 2017, e a situa\u00e7\u00e3o foi se agravando\u201d, disse o deputado. \u201cTamb\u00e9m ficaram muito claras as responsabilidades individuais, em especial a do ex-presidente da Vale F\u00e1bio Schvartsman\u201d, declarou.<\/p>\n<p>O relat\u00f3rio final da CPI de Brumadinho tamb\u00e9m sugere a instala\u00e7\u00e3o de um observat\u00f3rio permanente com foco na preven\u00e7\u00e3o e repara\u00e7\u00e3o de danos. O \u00f3rg\u00e3o seria integrado por Minist\u00e9rio P\u00fablico, Pol\u00edcia Civil, Pol\u00edcia Federal, Assembleia Legislativa de Minas Gerais, C\u00e2mara dos Deputados, Instituto Brasileiro do Meio Ambiente e dos Recursos Naturais Renov\u00e1veis (Ibama) e outros \u00f3rg\u00e3os que investigam o crime socioambiental.<\/p>\n<p>\u201cExistem pelo menos mais 20 barragens com risco iminente de rompimento. Ent\u00e3o, sugerimos a cria\u00e7\u00e3o do observat\u00f3rio permanente para acompanhar tanto as a\u00e7\u00f5es relativas \u00e0 recupera\u00e7\u00e3o das pessoas e do meio ambiente de Brumadinho e de Mariana quanto dessas outras barragens que tamb\u00e9m correm risco. Ficou ao encargo do Minist\u00e9rio P\u00fablico marcar uma primeira reuni\u00e3o para n\u00f3s inaugurarmos esse observat\u00f3rio permanente\u201d, disse Correia.<\/p>\n<p>&nbsp;<\/p>\n<p><strong>Investiga\u00e7\u00f5es<\/strong><\/p>\n<p>A den\u00fancia do Minist\u00e9rio P\u00fablico, apresentada na ter\u00e7a-feira (21), concluiu quase um ano de investiga\u00e7\u00f5es conduzidas com a ajuda da Pol\u00edcia Civil de Minas Gerais. O rompimento da barragem de Brumadinho ocorreu no dia 25 de janeiro de 2019, na hora do almo\u00e7o. A maior parte dos 270 mortos estava em refeit\u00f3rios da Vale localizados logo abaixo da barragem.<\/p>\n<p>Os 13 milh\u00f5es de metros c\u00fabicos de rejeitos de min\u00e9rio de ferro percorreram quase 80 km e atingiram o rio Paraopeba. Os danos ambientais ainda s\u00e3o incalcul\u00e1veis.<\/p>\n<p>&nbsp;<\/p>\n<p><strong>Fonte:\u00a0<\/strong>Ag\u00eancia C\u00e2mara<\/p>\n","protected":false},"excerpt":{"rendered":"<p>O deputado Rog\u00e9rio Correia (PT-MG) elogiou a den\u00fancia do Minist\u00e9rio P\u00fablico que apontou homic\u00eddio doloso e crimes ambientais da mineradora Vale, da empresa alem\u00e3 T\u00fcv S\u00fcd e de 16 pessoas envolvidas no rompimento da barragem da Vale em Brumadinho (MG). Correia foi o relator da comiss\u00e3o parlamentar de inqu\u00e9rito (CPI) da C\u00e2mara dos Deputados que, [&hellip;]<\/p>\n","protected":false},"author":96,"featured_media":154419,"comment_status":"closed","ping_status":"closed","sticky":false,"template":"","format":"standard","meta":{"footnotes":""},"categories":[436,440,254,439],"tags":[],"class_list":["post-154418","post","type-post","status-publish","format-standard","has-post-thumbnail","hentry","category-destaque-da-semana","category-destaques-do-dia","category-politica","category-ultima-hora"],"_links":{"self":[{"href":"https:\/\/diarioregionaldigital.com.br\/index.php?rest_route=\/wp\/v2\/posts\/154418","targetHints":{"allow":["GET"]}}],"collection":[{"href":"https:\/\/diarioregionaldigital.com.br\/index.php?rest_route=\/wp\/v2\/posts"}],"about":[{"href":"https:\/\/diarioregionaldigital.com.br\/index.php?rest_route=\/wp\/v2\/types\/post"}],"author":[{"embeddable":true,"href":"https:\/\/diarioregionaldigital.com.br\/index.php?rest_route=\/wp\/v2\/users\/96"}],"replies":[{"embeddable":true,"href":"https:\/\/diarioregionaldigital.com.br\/index.php?rest_route=%2Fwp%2Fv2%2Fcomments&post=154418"}],"version-history":[{"count":0,"href":"https:\/\/diarioregionaldigital.com.br\/index.php?rest_route=\/wp\/v2\/posts\/154418\/revisions"}],"wp:featuredmedia":[{"embeddable":true,"href":"https:\/\/diarioregionaldigital.com.br\/index.php?rest_route=\/wp\/v2\/media\/154419"}],"wp:attachment":[{"href":"https:\/\/diarioregionaldigital.com.br\/index.php?rest_route=%2Fwp%2Fv2%2Fmedia&parent=154418"}],"wp:term":[{"taxonomy":"category","embeddable":true,"href":"https:\/\/diarioregionaldigital.com.br\/index.php?rest_route=%2Fwp%2Fv2%2Fcategories&post=154418"},{"taxonomy":"post_tag","embeddable":true,"href":"https:\/\/diarioregionaldigital.com.br\/index.php?rest_route=%2Fwp%2Fv2%2Ftags&post=154418"}],"curies":[{"name":"wp","href":"https:\/\/api.w.org\/{rel}","templated":true}]}}