{"id":154415,"date":"2020-01-27T15:49:04","date_gmt":"2020-01-27T17:49:04","guid":{"rendered":"https:\/\/diarioregionaldigital.com.br\/?p=154415"},"modified":"2020-01-27T15:49:04","modified_gmt":"2020-01-27T17:49:04","slug":"estado-reforca-importancia-da-vacina-contra-febre-amarela","status":"publish","type":"post","link":"https:\/\/diarioregionaldigital.com.br\/?p=154415","title":{"rendered":"Estado refor\u00e7a import\u00e2ncia da vacina contra febre amarela"},"content":{"rendered":"<p>O ver\u00e3o, per\u00edodo em que viagens de f\u00e9rias e de Carnaval aumentam a circula\u00e7\u00e3o de pessoas entre cidades e regi\u00f5es, acende o alerta para os cuidados com a sa\u00fade, incluindo a preven\u00e7\u00e3o \u00e0s doen\u00e7as transmitidas por mosquitos.<\/p>\n<p>A Secretaria de Estado de Sa\u00fade (SES) chama a aten\u00e7\u00e3o para a atualiza\u00e7\u00e3o do cart\u00e3o de vacinas, uma garantia para que as fam\u00edlias possam desfrutar o ver\u00e3o com tranquilidade. A imuniza\u00e7\u00e3o contra a febre amarela \u00e9 uma das principais a\u00e7\u00f5es para garantir o bem-estar e o sossego de crian\u00e7as e adultos.<\/p>\n<p>Coordenadora estadual do Programa de Imuniza\u00e7\u00f5es, Josianne Dias Gusm\u00e3o lembra que a vacina contra febre amarela (VFA) integra o calend\u00e1rio de rotina do Programa Nacional de Imuniza\u00e7\u00f5es (PNI) e \u00e9 a medida mais importante e eficaz para preven\u00e7\u00e3o e controle da doen\u00e7a. \u201cA vacina configura um imunobiol\u00f3gico seguro e altamente eficaz na prote\u00e7\u00e3o contra a doen\u00e7a, com resposta imune (prote\u00e7\u00e3o) de 90% a 98%. Os anticorpos protetores aparecem entre o 7\u00ba e o 10\u00ba dia ap\u00f3s a aplica\u00e7\u00e3o da vacina, por isso a vacina\u00e7\u00e3o deve ocorrer ao menos dez dias antes de se deslocar para \u00e1reas de risco da doen\u00e7a\u201d, aponta.<\/p>\n<p>&nbsp;<\/p>\n<p><strong>Epidemias <\/strong><strong>\u00a0<\/strong><\/p>\n<p>A SES alerta a popula\u00e7\u00e3o para o retorno de epidemias. Ap\u00f3s um per\u00edodo de sete anos sem notifica\u00e7\u00f5es de casos em humanos, Minas Gerais registrou duas epidemias consecutivas nos per\u00edodos sazonais de 2016\/2017 e 2017\/2018, que ocorreram em \u00e1reas distintas do estado. A primeira atingiu principalmente os vales do Rio Doce e Mucuri e parte da Zona da Mata e Jequitinhonha. O seguinte, a Regi\u00e3o Metropolitana de Belo Horizonte, a Zona da Mata e parte das regi\u00f5es Campos das Vertentes, Oeste e Sul\/Sudoeste mineiro.<\/p>\n<p>Em 2016\/17, houve 475 casos confirmados de febre amarela silvestre em Minas Gerais, sendo que 162 evolu\u00edram para \u00f3bito, com uma letalidade de 34,1%. No per\u00edodo de 2017\/18 foram 528 casos confirmados, sendo que destes 177 (33,5%) evolu\u00edram para \u00f3bito. \u201cComo a febre amarela silvestre \u00e9 uma zoonose, sua transmiss\u00e3o n\u00e3o \u00e9 pass\u00edvel de elimina\u00e7\u00e3o, o que exige a vigil\u00e2ncia e manuten\u00e7\u00e3o das a\u00e7\u00f5es de controle principalmente por meio de coberturas vacinais, conforme preconizado pelo Minist\u00e9rio da Sa\u00fade\u201d, explica Josianne Gusm\u00e3o. Para o per\u00edodo 2018\/2019, bem como o per\u00edodo 2019\/2020, at\u00e9 o momento, n\u00e3o houve registros de casos em humanos.<\/p>\n<p>&nbsp;<\/p>\n<p><strong>Vacina\u00a0 <\/strong><\/p>\n<p>A SES refor\u00e7a que a vacina est\u00e1 dispon\u00edvel para pessoas de 9 meses a 59 anos de idade. Em crian\u00e7as a imuniza\u00e7\u00e3o de ocorrer aos 9 meses e ser refor\u00e7ada aos 4 anos. Pessoas na faixa et\u00e1ria entre 5 e 59 anos que n\u00e3o tenham se vacinado ou estejam sem comprovante de registro no cart\u00e3o devem receber uma dose da vacina. \u201cEm 2020, houve a implanta\u00e7\u00e3o da dose de refor\u00e7o da vacina de febre amarela (atenuada) para crian\u00e7as de 4 anos em todo o Brasil. A dose de refor\u00e7o tamb\u00e9m objetiva imunizar pessoas que n\u00e3o se lembram se j\u00e1 est\u00e3o imunizadas, independentemente da idade\u201d, ressalta a coordenadora.<\/p>\n<p>&nbsp;<\/p>\n<p><strong>Cobertura<\/strong><\/p>\n<p>Em Minas Gerais, a cobertura vacinal acumulada da vacina febre amarela no per\u00edodo de 2007 at\u00e9 17 de janeiro de 2020 \u00e9 de 95,32%. Os dados s\u00e3o do Minist\u00e9rio da Sa\u00fade.<\/p>\n<p>A cobertura preconizada pelo Minist\u00e9rio da Sa\u00fade \u00e9 de 95%. \u201cMesmo que a cobertura acumulada demonstre que o estado est\u00e1 com um percentual satisfat\u00f3rio, n\u00e3o \u00e9 homog\u00eanea em todos os munic\u00edpios. Assim, \u00e9 necess\u00e1rio que as cidades realizem busca ativa para alcance de altas e homog\u00eaneas coberturas vacinais\u201d, salienta Josianne Dias Gusm\u00e3o.<\/p>\n<p>&nbsp;<\/p>\n<p><strong>Fonte:\u00a0<\/strong>Ag\u00eancia Minas<\/p>\n","protected":false},"excerpt":{"rendered":"<p>O ver\u00e3o, per\u00edodo em que viagens de f\u00e9rias e de Carnaval aumentam a circula\u00e7\u00e3o de pessoas entre cidades e regi\u00f5es, acende o alerta para os cuidados com a sa\u00fade, incluindo a preven\u00e7\u00e3o \u00e0s doen\u00e7as transmitidas por mosquitos. A Secretaria de Estado de Sa\u00fade (SES) chama a aten\u00e7\u00e3o para a atualiza\u00e7\u00e3o do cart\u00e3o de vacinas, uma [&hellip;]<\/p>\n","protected":false},"author":96,"featured_media":154416,"comment_status":"closed","ping_status":"closed","sticky":false,"template":"","format":"standard","meta":{"footnotes":""},"categories":[436,254,439],"tags":[],"class_list":["post-154415","post","type-post","status-publish","format-standard","has-post-thumbnail","hentry","category-destaque-da-semana","category-politica","category-ultima-hora"],"_links":{"self":[{"href":"https:\/\/diarioregionaldigital.com.br\/index.php?rest_route=\/wp\/v2\/posts\/154415","targetHints":{"allow":["GET"]}}],"collection":[{"href":"https:\/\/diarioregionaldigital.com.br\/index.php?rest_route=\/wp\/v2\/posts"}],"about":[{"href":"https:\/\/diarioregionaldigital.com.br\/index.php?rest_route=\/wp\/v2\/types\/post"}],"author":[{"embeddable":true,"href":"https:\/\/diarioregionaldigital.com.br\/index.php?rest_route=\/wp\/v2\/users\/96"}],"replies":[{"embeddable":true,"href":"https:\/\/diarioregionaldigital.com.br\/index.php?rest_route=%2Fwp%2Fv2%2Fcomments&post=154415"}],"version-history":[{"count":0,"href":"https:\/\/diarioregionaldigital.com.br\/index.php?rest_route=\/wp\/v2\/posts\/154415\/revisions"}],"wp:featuredmedia":[{"embeddable":true,"href":"https:\/\/diarioregionaldigital.com.br\/index.php?rest_route=\/wp\/v2\/media\/154416"}],"wp:attachment":[{"href":"https:\/\/diarioregionaldigital.com.br\/index.php?rest_route=%2Fwp%2Fv2%2Fmedia&parent=154415"}],"wp:term":[{"taxonomy":"category","embeddable":true,"href":"https:\/\/diarioregionaldigital.com.br\/index.php?rest_route=%2Fwp%2Fv2%2Fcategories&post=154415"},{"taxonomy":"post_tag","embeddable":true,"href":"https:\/\/diarioregionaldigital.com.br\/index.php?rest_route=%2Fwp%2Fv2%2Ftags&post=154415"}],"curies":[{"name":"wp","href":"https:\/\/api.w.org\/{rel}","templated":true}]}}