{"id":154412,"date":"2020-01-27T15:46:52","date_gmt":"2020-01-27T17:46:52","guid":{"rendered":"https:\/\/diarioregionaldigital.com.br\/?p=154412"},"modified":"2020-01-27T15:46:52","modified_gmt":"2020-01-27T17:46:52","slug":"fgv-confianca-do-comercio-atinge-maior-nivel-desde-fevereiro-de-2019","status":"publish","type":"post","link":"https:\/\/diarioregionaldigital.com.br\/?p=154412","title":{"rendered":"FGV: confian\u00e7a do com\u00e9rcio atinge maior n\u00edvel desde fevereiro de 2019"},"content":{"rendered":"<p>O \u00cdndice de Confian\u00e7a do Com\u00e9rcio, medido pela Funda\u00e7\u00e3o Getulio Vargas (FGV), subiu 1,3 ponto em janeiro deste ano e chegou a 98,1 pontos, em uma escala de zero a 200 pontos. \u00c9 o maior n\u00edvel desde fevereiro do ano passado, quando atingiu 99,8 pontos.<\/p>\n<p>A confian\u00e7a dos empres\u00e1rios do com\u00e9rcio subiu em 4 dos 6 segmentos pesquisados pela FGV. O \u00cdndice de Expectativas, que mede a confian\u00e7a em rela\u00e7\u00e3o ao futuro, subiu 3,8 pontos e atingiu 104,4 pontos, maior n\u00edvel desde mar\u00e7o de 2019 (104,7).<\/p>\n<p>J\u00e1 o \u00cdndice de Situa\u00e7\u00e3o Atual, que mede a confian\u00e7a dos empres\u00e1rios no momento presente, recuou 1,1 ponto e passou para 91,9 pontos.<\/p>\n<p>De acordo com o pesquisador da FGV Rodolpho Tobler, a alta da confian\u00e7a do empres\u00e1rio do com\u00e9rcio foi influenciada pela melhora das expectativas que voltaram a subir depois de um per\u00edodo de espera dos empres\u00e1rios no final do ano passado.<\/p>\n<p>\u201cPor outro lado, os indicadores de situa\u00e7\u00e3o atual que vinham apresentando resultados mais positivos no final de 2019, recuaram em janeiro. Essa combina\u00e7\u00e3o de resultados mostra que o cen\u00e1rio de recupera\u00e7\u00e3o gradual persiste, ainda dependente de sinais mais fortes do mercado de trabalho e da confian\u00e7a dos consumidores\u201d, disse Tobler.<\/p>\n<p>&nbsp;<\/p>\n<p><strong>Fonte:\u00a0<\/strong>Ag\u00eancia Brasil<\/p>\n","protected":false},"excerpt":{"rendered":"<p>O \u00cdndice de Confian\u00e7a do Com\u00e9rcio, medido pela Funda\u00e7\u00e3o Getulio Vargas (FGV), subiu 1,3 ponto em janeiro deste ano e chegou a 98,1 pontos, em uma escala de zero a 200 pontos. \u00c9 o maior n\u00edvel desde fevereiro do ano passado, quando atingiu 99,8 pontos. A confian\u00e7a dos empres\u00e1rios do com\u00e9rcio subiu em 4 dos [&hellip;]<\/p>\n","protected":false},"author":96,"featured_media":154413,"comment_status":"closed","ping_status":"closed","sticky":false,"template":"","format":"standard","meta":{"footnotes":""},"categories":[436,261,439],"tags":[],"class_list":["post-154412","post","type-post","status-publish","format-standard","has-post-thumbnail","hentry","category-destaque-da-semana","category-economia","category-ultima-hora"],"_links":{"self":[{"href":"https:\/\/diarioregionaldigital.com.br\/index.php?rest_route=\/wp\/v2\/posts\/154412","targetHints":{"allow":["GET"]}}],"collection":[{"href":"https:\/\/diarioregionaldigital.com.br\/index.php?rest_route=\/wp\/v2\/posts"}],"about":[{"href":"https:\/\/diarioregionaldigital.com.br\/index.php?rest_route=\/wp\/v2\/types\/post"}],"author":[{"embeddable":true,"href":"https:\/\/diarioregionaldigital.com.br\/index.php?rest_route=\/wp\/v2\/users\/96"}],"replies":[{"embeddable":true,"href":"https:\/\/diarioregionaldigital.com.br\/index.php?rest_route=%2Fwp%2Fv2%2Fcomments&post=154412"}],"version-history":[{"count":0,"href":"https:\/\/diarioregionaldigital.com.br\/index.php?rest_route=\/wp\/v2\/posts\/154412\/revisions"}],"wp:featuredmedia":[{"embeddable":true,"href":"https:\/\/diarioregionaldigital.com.br\/index.php?rest_route=\/wp\/v2\/media\/154413"}],"wp:attachment":[{"href":"https:\/\/diarioregionaldigital.com.br\/index.php?rest_route=%2Fwp%2Fv2%2Fmedia&parent=154412"}],"wp:term":[{"taxonomy":"category","embeddable":true,"href":"https:\/\/diarioregionaldigital.com.br\/index.php?rest_route=%2Fwp%2Fv2%2Fcategories&post=154412"},{"taxonomy":"post_tag","embeddable":true,"href":"https:\/\/diarioregionaldigital.com.br\/index.php?rest_route=%2Fwp%2Fv2%2Ftags&post=154412"}],"curies":[{"name":"wp","href":"https:\/\/api.w.org\/{rel}","templated":true}]}}