{"id":154409,"date":"2020-01-27T15:45:23","date_gmt":"2020-01-27T17:45:23","guid":{"rendered":"https:\/\/diarioregionaldigital.com.br\/?p=154409"},"modified":"2020-01-27T18:55:55","modified_gmt":"2020-01-27T20:55:55","slug":"contas-externas-tem-deficit-de-us-507-bilhoes-em-2019","status":"publish","type":"post","link":"https:\/\/diarioregionaldigital.com.br\/?p=154409","title":{"rendered":"Contas externas t\u00eam d\u00e9ficit de US$ 50,7 bilh\u00f5es em 2019"},"content":{"rendered":"<p>O d\u00e9ficit nas contas externas do pa\u00eds atingiu US$ 50,762 bilh\u00f5es contra US$ 41,540 bilh\u00f5es em 2018. \u00c9 o pior resultado em quatro anos, de acordo com dados divulgados hoje (27) pelo Banco Central.<\/p>\n<p>No m\u00eas de dezembro do ano passado, o d\u00e9ficit em transa\u00e7\u00f5es correntes, que s\u00e3o compras e vendas de mercadorias e servi\u00e7os e transfer\u00eancias de renda do Brasil com outros pa\u00edses, chegou a US$ 5,691 bilh\u00f5es. O resultado ficou abaixo do registrado em igual m\u00eas de 2018: d\u00e9ficit de US$ 6,116 milh\u00f5es.<\/p>\n<p>As transa\u00e7\u00f5es correntes, principal indicador sobre o setor externo do pa\u00eds, s\u00e3o formadas pela balan\u00e7a comercial (exporta\u00e7\u00f5es e importa\u00e7\u00f5es de bens e servi\u00e7os), pelos servi\u00e7os adquiridos por brasileiros no exterior e pelas rendas prim\u00e1ria (lucros e dividendos do Brasil para o exterior, pagamentos de juros e sal\u00e1rios) e secund\u00e1ria (renda gerada em uma economia e distribu\u00edda para outra, como doa\u00e7\u00f5es e remessas de d\u00f3lares, sem contrapartida de servi\u00e7os ou bens).<\/p>\n<p>De acordo com o BC, a varia\u00e7\u00e3o no d\u00e9ficit para o m\u00eas decorreu de redu\u00e7\u00e3o de US$ 2 bilh\u00f5es em despesas l\u00edquidas de renda prim\u00e1ria, parcialmente compensadas pela retra\u00e7\u00e3o de US$ 1,2 bilh\u00e3o no saldo da balan\u00e7a comercial.<\/p>\n<p>&nbsp;<\/p>\n<p><span style=\"font-size: 12pt;\"><strong>Balan\u00e7a comercial<\/strong><\/span><\/p>\n<p>O super\u00e1vit comercial chegou a US$ 4,764 bilh\u00f5es em dezembro contra US$ 5,977 bilh\u00f5es no mesmo m\u00eas de 2018. \u201cAs exporta\u00e7\u00f5es de bens totalizaram US$ 18,2 bilh\u00f5es em dezembro de 2019, recuo de 6% em rela\u00e7\u00e3o ao mesmo per\u00edodo de 2018. Na mesma base de compara\u00e7\u00e3o, as importa\u00e7\u00f5es de bens aumentaram 0,3%, para US$ 13,4 bilh\u00f5es\u201d, diz o BC no relat\u00f3rio sobre o setor externo.<\/p>\n<p>Na compara\u00e7\u00e3o com o ano anterior, o super\u00e1vit comercial reduziu de US$ 53,047 bilh\u00f5es para US$ 39,404 bilh\u00f5es em 2019, repercutindo retra\u00e7\u00f5es de 6,3% nas exporta\u00e7\u00f5es e de 0,8% nas importa\u00e7\u00f5es.<\/p>\n<p>De acordo com o BC, no m\u00eas, n\u00e3o houve opera\u00e7\u00f5es relativas ao Repetro, que \u00e9 um regime fiscal aduaneiro que suspende a cobran\u00e7a de tributos federais na importa\u00e7\u00e3o de equipamentos para o setor de petr\u00f3leo e g\u00e1s, principalmente as plataformas de explora\u00e7\u00e3o. No ano, as importa\u00e7\u00f5es l\u00edquidas no \u00e2mbito do Repetro foram estimadas em US$ 1,6 bilh\u00e3o.<\/p>\n<p>&nbsp;<\/p>\n<p><span style=\"font-size: 12pt;\"><strong>Servi\u00e7os e renda<\/strong><\/span><\/p>\n<p>A conta de servi\u00e7os (viagens internacionais, transporte, aluguel de investimentos, entre outros) registrou saldo negativo de US$ 3,541 bilh\u00f5es em dezembro, e de US$ 35,141 bilh\u00f5es de janeiro at\u00e9 dezembro do ano passado.<\/p>\n<p>A conta de renda prim\u00e1ria ficou negativa em US$ 6,699 bilh\u00f5es em dezembro e em US$ 55,989 bilh\u00f5es em doze meses. A conta de renda secund\u00e1ria teve resultado negativo de US$ 216 milh\u00f5es em dezembro de 2019, e positivo de US$ 964 milh\u00f5es no acumulado do ano.<\/p>\n<p>&nbsp;<\/p>\n<p><span style=\"font-size: 12pt;\"><strong>Investimento estrangeiro<\/strong><\/span><\/p>\n<p>Em dezembro, o resultado negativo para as contas externas foi totalmente coberto pelos investimentos diretos no pa\u00eds (IDP). Quando o pa\u00eds registra saldo negativo em transa\u00e7\u00f5es correntes precisa cobrir o d\u00e9ficit com investimentos ou empr\u00e9stimos no exterior.<\/p>\n<p>A melhor forma de financiamento do saldo negativo \u00e9 o IDP, porque os recursos s\u00e3o aplicados no setor produtivo. No m\u00eas passado, o IDP chegou a US$ 9,434 bilh\u00f5es contra US$ 8,294 bilh\u00f5es em igual m\u00eas de 2018. No acumulado de 2019, esses investimentos somaram US$ 78,559 bilh\u00f5es contra US$ 78,163 bilh\u00f5es em 2018.<\/p>\n<p>&nbsp;<\/p>\n<p><strong>Fonte:\u00a0<\/strong>Ag\u00eancia Brasil<\/p>\n","protected":false},"excerpt":{"rendered":"<p>O d\u00e9ficit nas contas externas do pa\u00eds atingiu US$ 50,762 bilh\u00f5es contra US$ 41,540 bilh\u00f5es em 2018. \u00c9 o pior resultado em quatro anos, de acordo com dados divulgados hoje (27) pelo Banco Central. No m\u00eas de dezembro do ano passado, o d\u00e9ficit em transa\u00e7\u00f5es correntes, que s\u00e3o compras e vendas de mercadorias e servi\u00e7os [&hellip;]<\/p>\n","protected":false},"author":96,"featured_media":154410,"comment_status":"closed","ping_status":"closed","sticky":false,"template":"","format":"standard","meta":{"footnotes":""},"categories":[302,436,440,439],"tags":[],"class_list":["post-154409","post","type-post","status-publish","format-standard","has-post-thumbnail","hentry","category-brasil-mundo","category-destaque-da-semana","category-destaques-do-dia","category-ultima-hora"],"_links":{"self":[{"href":"https:\/\/diarioregionaldigital.com.br\/index.php?rest_route=\/wp\/v2\/posts\/154409","targetHints":{"allow":["GET"]}}],"collection":[{"href":"https:\/\/diarioregionaldigital.com.br\/index.php?rest_route=\/wp\/v2\/posts"}],"about":[{"href":"https:\/\/diarioregionaldigital.com.br\/index.php?rest_route=\/wp\/v2\/types\/post"}],"author":[{"embeddable":true,"href":"https:\/\/diarioregionaldigital.com.br\/index.php?rest_route=\/wp\/v2\/users\/96"}],"replies":[{"embeddable":true,"href":"https:\/\/diarioregionaldigital.com.br\/index.php?rest_route=%2Fwp%2Fv2%2Fcomments&post=154409"}],"version-history":[{"count":0,"href":"https:\/\/diarioregionaldigital.com.br\/index.php?rest_route=\/wp\/v2\/posts\/154409\/revisions"}],"wp:featuredmedia":[{"embeddable":true,"href":"https:\/\/diarioregionaldigital.com.br\/index.php?rest_route=\/wp\/v2\/media\/154410"}],"wp:attachment":[{"href":"https:\/\/diarioregionaldigital.com.br\/index.php?rest_route=%2Fwp%2Fv2%2Fmedia&parent=154409"}],"wp:term":[{"taxonomy":"category","embeddable":true,"href":"https:\/\/diarioregionaldigital.com.br\/index.php?rest_route=%2Fwp%2Fv2%2Fcategories&post=154409"},{"taxonomy":"post_tag","embeddable":true,"href":"https:\/\/diarioregionaldigital.com.br\/index.php?rest_route=%2Fwp%2Fv2%2Ftags&post=154409"}],"curies":[{"name":"wp","href":"https:\/\/api.w.org\/{rel}","templated":true}]}}