{"id":154406,"date":"2020-01-27T15:41:25","date_gmt":"2020-01-27T17:41:25","guid":{"rendered":"https:\/\/diarioregionaldigital.com.br\/?p=154406"},"modified":"2020-01-27T15:41:25","modified_gmt":"2020-01-27T17:41:25","slug":"prf-de-minas-gerais-flagra-145-motoristas-alcoolizados-de-juiz-de-fora-na-operacao-rodovida","status":"publish","type":"post","link":"https:\/\/diarioregionaldigital.com.br\/?p=154406","title":{"rendered":"PRF de Minas Gerais flagra 145 motoristas alcoolizados de Juiz de Fora  na Opera\u00e7\u00e3o Rodovida"},"content":{"rendered":"<p><span style=\"font-weight: 400;\">A Pol\u00edcia Rodovi\u00e1ria (PRF) de Minas Gerais flagrou nesse \u00faltimo fim de semana um total de 145 motoristas de Juiz de Fora com altos \u00edndices de \u00e1lcool ingerido no sangue na Opera\u00e7\u00e3o Rodovida. Com aux\u00edlio da Secretaria de Transporte e Tr\u00e2nsito (Settra), a PRF autuou 18 autua\u00e7\u00f5es relacionadas \u00e0 embriaguez no volante.<\/span><\/p>\n<p><span style=\"font-weight: 400;\">Segundo informa\u00e7\u00f5es da PRF, foram fiscalizados 1.283 ve\u00edculos que circularam pelas rodovias federais no estado de Minas Gerais, onde 3 pessoas foram presas por apresentarem \u00edndices de \u00e1lcool acima do limite permitido e 166 motoristas foram multados por dirigir sob influ\u00eancia de bebida alc\u00f3olica, ato classificado como infra\u00e7\u00e3o grav\u00edssima.<\/span><\/p>\n<p>&nbsp;<\/p>\n<p><b>Pelo Brasil<\/b><\/p>\n<p><span style=\"font-weight: 400;\">Em territ\u00f3rio nacional, foram abordados 11.060 ve\u00edculos, sendo que foram feitas 840 infra\u00e7\u00f5es por embriaguez (entre constata\u00e7\u00f5es e recusas ao teste). 76 condutores foram presos pelo crime de embriaguez ao volante, previsto no artigo 306 do CTB.<\/span><\/p>\n<p><span style=\"font-weight: 400;\">Houve ainda o recolhimento de 957 ve\u00edculos a dep\u00f3sito em virtude da constata\u00e7\u00e3o de irregularidades que colocavam em risco a seguran\u00e7a vi\u00e1ria e n\u00e3o puderam ser sanadas no local.\u00a0<\/span><\/p>\n<p>&nbsp;<\/p>\n<p><span style=\"font-weight: 400;\">Destaque para:<\/span><\/p>\n<p><span style=\"font-weight: 400;\">&#8211; SP e MG com as maiores\u00a0 quantidades de ve\u00edculos abordados e testes realizados;<\/span><\/p>\n<p><span style=\"font-weight: 400;\">&#8211; MG, RS e SC com as maiores quantidades de infra\u00e7\u00f5es de embriaguez; e<\/span><\/p>\n<p><span style=\"font-weight: 400;\">&#8211; MT e RO com as maiores quantidades de pris\u00f5es por embriaguez.<\/span><\/p>\n<p><span style=\"font-weight: 400;\">\u00a0<\/span><\/p>\n","protected":false},"excerpt":{"rendered":"<p>A Pol\u00edcia Rodovi\u00e1ria (PRF) de Minas Gerais flagrou nesse \u00faltimo fim de semana um total de 145 motoristas de Juiz de Fora com altos \u00edndices de \u00e1lcool ingerido no sangue na Opera\u00e7\u00e3o Rodovida. Com aux\u00edlio da Secretaria de Transporte e Tr\u00e2nsito (Settra), a PRF autuou 18 autua\u00e7\u00f5es relacionadas \u00e0 embriaguez no volante. Segundo informa\u00e7\u00f5es da [&hellip;]<\/p>\n","protected":false},"author":96,"featured_media":154407,"comment_status":"closed","ping_status":"closed","sticky":false,"template":"","format":"standard","meta":{"footnotes":""},"categories":[301,436,440,439],"tags":[],"class_list":["post-154406","post","type-post","status-publish","format-standard","has-post-thumbnail","hentry","category-artigos-policiais","category-destaque-da-semana","category-destaques-do-dia","category-ultima-hora"],"_links":{"self":[{"href":"https:\/\/diarioregionaldigital.com.br\/index.php?rest_route=\/wp\/v2\/posts\/154406","targetHints":{"allow":["GET"]}}],"collection":[{"href":"https:\/\/diarioregionaldigital.com.br\/index.php?rest_route=\/wp\/v2\/posts"}],"about":[{"href":"https:\/\/diarioregionaldigital.com.br\/index.php?rest_route=\/wp\/v2\/types\/post"}],"author":[{"embeddable":true,"href":"https:\/\/diarioregionaldigital.com.br\/index.php?rest_route=\/wp\/v2\/users\/96"}],"replies":[{"embeddable":true,"href":"https:\/\/diarioregionaldigital.com.br\/index.php?rest_route=%2Fwp%2Fv2%2Fcomments&post=154406"}],"version-history":[{"count":0,"href":"https:\/\/diarioregionaldigital.com.br\/index.php?rest_route=\/wp\/v2\/posts\/154406\/revisions"}],"wp:featuredmedia":[{"embeddable":true,"href":"https:\/\/diarioregionaldigital.com.br\/index.php?rest_route=\/wp\/v2\/media\/154407"}],"wp:attachment":[{"href":"https:\/\/diarioregionaldigital.com.br\/index.php?rest_route=%2Fwp%2Fv2%2Fmedia&parent=154406"}],"wp:term":[{"taxonomy":"category","embeddable":true,"href":"https:\/\/diarioregionaldigital.com.br\/index.php?rest_route=%2Fwp%2Fv2%2Fcategories&post=154406"},{"taxonomy":"post_tag","embeddable":true,"href":"https:\/\/diarioregionaldigital.com.br\/index.php?rest_route=%2Fwp%2Fv2%2Ftags&post=154406"}],"curies":[{"name":"wp","href":"https:\/\/api.w.org\/{rel}","templated":true}]}}