{"id":154071,"date":"2020-01-19T06:00:19","date_gmt":"2020-01-19T08:00:19","guid":{"rendered":"https:\/\/diarioregionaldigital.com.br\/?p=154071"},"modified":"2020-01-18T18:09:03","modified_gmt":"2020-01-18T20:09:03","slug":"prefeitura-municipal-de-tocantins-licitacao-no003-19-01-20","status":"publish","type":"post","link":"https:\/\/diarioregionaldigital.com.br\/?p=154071","title":{"rendered":"Prefeitura Municipal de Tocantins &#8211; Licita\u00e7\u00e3o n\u00ba003 &#8211; 19\/01\/20"},"content":{"rendered":"<p style=\"text-align: center;\"><strong>PREFEITURA MUNICIPAL DE TOCANTINS\/MG<\/strong><\/p>\n<p style=\"text-align: center;\"><strong>CHAMAMENTO P\u00daBLICO<\/strong><\/p>\n<p style=\"text-align: center;\"><strong>Processo \u00a0n\u00b0003\/2020<\/strong><\/p>\n<p style=\"text-align: center;\"><strong>CHAMAMENTO P\u00daBLICO n\u00b0002\/2020<\/strong><\/p>\n<p style=\"text-align: center;\">O Munic\u00edpio de TOCANTINS-MG, na forma da lei, faz saber a todos os interessados que far\u00e1 chamamento p\u00fablico, tendo como objeto TERMO DE COLABORA\u00c7\u00c3O, COM FINALIDADE FIRMAR TERMO DE PARCERIA POR INTERESSE P\u00daBLICO COM ENTIDADE DA SOCIEDADE CIVIL PARA PRESTA\u00c7\u00c3O DE SERVI\u00c7OS S\u00d3CIO ASSISTENCIAIS DE PROTE\u00c7\u00c3O SOCIAL ESPECIAL DE M\u00c9DIA COMPLEXIDADE PARA PESSOAS COM DEFICI\u00caNCIA. Atendendo as necessidades da Secretaria de Desenvolvimento e Assist\u00eancia Social \u2013 SMDAS do Munic\u00edpio de Tocantins\/MG, cuja\u00a0<strong>sess\u00e3o p\u00fablica se dar\u00e1 no dia\u00a019\/02\/2020 as 08:00 horas\u00a0<\/strong>na sala da comiss\u00e3o de licita\u00e7\u00e3o, localizada na Av. Padre Mac\u00e1rio, n\u00b0 129, bairro Centro, Munic\u00edpio de TOCANTINS\/MG. O edital completo encontra-se a disposi\u00e7\u00e3o dos interessados no endere\u00e7o citado anteriormente, no hor\u00e1rio de expediente de 08:00 as 11:00 horas e das 13:00 as 16:00 horas.\u00a0TOCANTINS, 17 de JANEIRO de 2020.<\/p>\n<p style=\"text-align: center;\">_________________________________________<\/p>\n<p style=\"text-align: center;\"><strong>Juliana Dias Nascimento Domingos<\/strong><\/p>\n<p style=\"text-align: center;\"><strong>\u00a0Presidente Comiss\u00e3o<\/strong><\/p>\n","protected":false},"excerpt":{"rendered":"<p>PREFEITURA MUNICIPAL DE TOCANTINS\/MG CHAMAMENTO P\u00daBLICO Processo \u00a0n\u00b0003\/2020 CHAMAMENTO P\u00daBLICO n\u00b0002\/2020 O Munic\u00edpio de TOCANTINS-MG, na forma da lei, faz saber a todos os interessados que far\u00e1 chamamento p\u00fablico, tendo como objeto TERMO DE COLABORA\u00c7\u00c3O, COM FINALIDADE FIRMAR TERMO DE PARCERIA POR INTERESSE P\u00daBLICO COM ENTIDADE DA SOCIEDADE CIVIL PARA PRESTA\u00c7\u00c3O DE SERVI\u00c7OS S\u00d3CIO ASSISTENCIAIS [&hellip;]<\/p>\n","protected":false},"author":96,"featured_media":0,"comment_status":"closed","ping_status":"closed","sticky":false,"template":"","format":"standard","meta":{"footnotes":""},"categories":[307],"tags":[],"class_list":["post-154071","post","type-post","status-publish","format-standard","hentry","category-editais"],"_links":{"self":[{"href":"https:\/\/diarioregionaldigital.com.br\/index.php?rest_route=\/wp\/v2\/posts\/154071","targetHints":{"allow":["GET"]}}],"collection":[{"href":"https:\/\/diarioregionaldigital.com.br\/index.php?rest_route=\/wp\/v2\/posts"}],"about":[{"href":"https:\/\/diarioregionaldigital.com.br\/index.php?rest_route=\/wp\/v2\/types\/post"}],"author":[{"embeddable":true,"href":"https:\/\/diarioregionaldigital.com.br\/index.php?rest_route=\/wp\/v2\/users\/96"}],"replies":[{"embeddable":true,"href":"https:\/\/diarioregionaldigital.com.br\/index.php?rest_route=%2Fwp%2Fv2%2Fcomments&post=154071"}],"version-history":[{"count":0,"href":"https:\/\/diarioregionaldigital.com.br\/index.php?rest_route=\/wp\/v2\/posts\/154071\/revisions"}],"wp:attachment":[{"href":"https:\/\/diarioregionaldigital.com.br\/index.php?rest_route=%2Fwp%2Fv2%2Fmedia&parent=154071"}],"wp:term":[{"taxonomy":"category","embeddable":true,"href":"https:\/\/diarioregionaldigital.com.br\/index.php?rest_route=%2Fwp%2Fv2%2Fcategories&post=154071"},{"taxonomy":"post_tag","embeddable":true,"href":"https:\/\/diarioregionaldigital.com.br\/index.php?rest_route=%2Fwp%2Fv2%2Ftags&post=154071"}],"curies":[{"name":"wp","href":"https:\/\/api.w.org\/{rel}","templated":true}]}}