{"id":154036,"date":"2020-01-17T12:28:30","date_gmt":"2020-01-17T14:28:30","guid":{"rendered":"https:\/\/diarioregionaldigital.com.br\/?p=154036"},"modified":"2020-01-17T12:28:30","modified_gmt":"2020-01-17T14:28:30","slug":"candidatos-ja-podem-acessar-nota-individual-do-enem-2019","status":"publish","type":"post","link":"https:\/\/diarioregionaldigital.com.br\/?p=154036","title":{"rendered":"Candidatos j\u00e1 podem acessar nota individual do Enem 2019"},"content":{"rendered":"<p>O Instituto Nacional de Estudos e Pesquisas (Inep) divulgou as notas individuais do Exame Nacional do Ensino M\u00e9dio (Enem) 2019. Os candidatos podem acessar suas respectivas notas atrav\u00e9s do site enem.inep.gov.br e entrar na p\u00e1gina do participante. Os candidatos devem ter em m\u00e3os o n\u00famero do CPF e a senha cadastrada no portal para visualizar as notas das disciplinas que fazem parte do exame: Reda\u00e7\u00e3o, Linguagens, Ci\u00eancias Humanas, Ci\u00eancias da Natureza e Matem\u00e1tica . Quem n\u00e3o lembra a senha, pode solicitar uma nova no pr\u00f3prio portal.<\/p>\n<p>No caso dos candidatos &#8220;treineiros&#8221;, aqueles que estudam no Ensino M\u00e9dio e fizeram o Enem, ter\u00e3o de aguardar o resultado final que ser\u00e1 divulgado no m\u00eas de mar\u00e7o, com data a ser confirmada. Segundo o Inep, 3.709.809 pessoas estiveram presentes nos 2 dias do exame, representando 72,81% dos inscritos (5.095.388).<\/p>\n<p>&nbsp;<\/p>\n<p><strong>Inscri\u00e7\u00e3o Sisu 2020<\/strong><\/p>\n<p>Os estudantes poder\u00e3o fazer inscri\u00e7\u00e3o para este primeiro semestre no Sistema de Sele\u00e7\u00e3o Unificada (Sisu) dos dias 21 a 24 de janeiro. Para efetuar a inscri\u00e7\u00e3o, os candidatos devem acessar o portal sisu.mec.gov.br e fazer login com o n\u00famero de inscri\u00e7\u00e3o do Enem 2019. \u00c9 poss\u00edvel escolher at\u00e9 duas op\u00e7\u00f5es de cursos e os estudantes devem definir a modalidade de concorr\u00eancia que ser\u00e1 escolhida\u00a0(sistema universal\/ampla concorr\u00eancia ou uma das diferentes categorias de cotas ou a\u00e7\u00f5es afirmativas).<\/p>\n<p>Para este ano, o Sisu disponibilizou\u00a0237.128 vagas em 128 institui\u00e7\u00f5es de ensino.<\/p>\n","protected":false},"excerpt":{"rendered":"<p>O Instituto Nacional de Estudos e Pesquisas (Inep) divulgou as notas individuais do Exame Nacional do Ensino M\u00e9dio (Enem) 2019. Os candidatos podem acessar suas respectivas notas atrav\u00e9s do site enem.inep.gov.br e entrar na p\u00e1gina do participante. Os candidatos devem ter em m\u00e3os o n\u00famero do CPF e a senha cadastrada no portal para visualizar [&hellip;]<\/p>\n","protected":false},"author":96,"featured_media":150323,"comment_status":"closed","ping_status":"closed","sticky":false,"template":"","format":"standard","meta":{"footnotes":""},"categories":[302,436,440,439],"tags":[],"class_list":["post-154036","post","type-post","status-publish","format-standard","has-post-thumbnail","hentry","category-brasil-mundo","category-destaque-da-semana","category-destaques-do-dia","category-ultima-hora"],"_links":{"self":[{"href":"https:\/\/diarioregionaldigital.com.br\/index.php?rest_route=\/wp\/v2\/posts\/154036","targetHints":{"allow":["GET"]}}],"collection":[{"href":"https:\/\/diarioregionaldigital.com.br\/index.php?rest_route=\/wp\/v2\/posts"}],"about":[{"href":"https:\/\/diarioregionaldigital.com.br\/index.php?rest_route=\/wp\/v2\/types\/post"}],"author":[{"embeddable":true,"href":"https:\/\/diarioregionaldigital.com.br\/index.php?rest_route=\/wp\/v2\/users\/96"}],"replies":[{"embeddable":true,"href":"https:\/\/diarioregionaldigital.com.br\/index.php?rest_route=%2Fwp%2Fv2%2Fcomments&post=154036"}],"version-history":[{"count":0,"href":"https:\/\/diarioregionaldigital.com.br\/index.php?rest_route=\/wp\/v2\/posts\/154036\/revisions"}],"wp:featuredmedia":[{"embeddable":true,"href":"https:\/\/diarioregionaldigital.com.br\/index.php?rest_route=\/wp\/v2\/media\/150323"}],"wp:attachment":[{"href":"https:\/\/diarioregionaldigital.com.br\/index.php?rest_route=%2Fwp%2Fv2%2Fmedia&parent=154036"}],"wp:term":[{"taxonomy":"category","embeddable":true,"href":"https:\/\/diarioregionaldigital.com.br\/index.php?rest_route=%2Fwp%2Fv2%2Fcategories&post=154036"},{"taxonomy":"post_tag","embeddable":true,"href":"https:\/\/diarioregionaldigital.com.br\/index.php?rest_route=%2Fwp%2Fv2%2Ftags&post=154036"}],"curies":[{"name":"wp","href":"https:\/\/api.w.org\/{rel}","templated":true}]}}