{"id":154031,"date":"2020-01-17T06:00:04","date_gmt":"2020-01-17T08:00:04","guid":{"rendered":"https:\/\/diarioregionaldigital.com.br\/?p=154031"},"modified":"2020-01-17T06:09:47","modified_gmt":"2020-01-17T08:09:47","slug":"ascomcer-convocacao-de-assembleia-17-01-20","status":"publish","type":"post","link":"https:\/\/diarioregionaldigital.com.br\/?p=154031","title":{"rendered":"Ascomcer &#8211; Convoca\u00e7\u00e3o de Assembleia &#8211; 17\/01\/20"},"content":{"rendered":"<p style=\"text-align: center;\"><strong>ASCOMCER<\/strong><\/p>\n<p style=\"text-align: center;\"><strong>ASSOCIA\u00c7\u00c3O FEMININA DE PREVEN\u00c7\u00c3O E COMBATE AO C\u00c2NCER DE JUIZ DE FORA<\/strong><\/p>\n<p style=\"text-align: center;\"><strong>EDITAL DE CONVOCA\u00c7\u00c3O<\/strong><\/p>\n<p style=\"text-align: center;\"><strong>ASSEMBLEIA GERAL EXTRAORDIN\u00c1RIA<\/strong><\/p>\n<p>A PRESIDENTE DA ASCOMCER NO USO DE SUAS ATRIBUI\u00c7\u00d5ES E DE CONFORMIDADE COM A LETRA \u201cA\u201d DO ART. 18 DO ESTATUTO, CONVOCA OS SENHORES ASSOCIADOS FUNDADORES E EFETIVOS PARA A ASSEMBLEIA GERAL EXTRAORDIN\u00c1RIA A SER REALIZADA NO DIA 22 DE JANEIRO DE 2020, NO AUDIT\u00d3RIO DO HOSPITAL MARIA JOS\u00c9 BA\u00caTA REIS, NA AV. PRESIDENTE ITAMAR FRANCO, 3500, BAIRRO CASCATINHA, NESTA CIDADE DE JUIZ DE FORA\/MG.<\/p>\n<p>EM 1\u00aa CONVOCA\u00c7\u00c3O \u00c0S 13:30 HORAS COM A PRESEN\u00c7A DA METADE MAIS UM DOS ASSOCIADOS EM PLENO GOZO DE SEUS DIREITOS, EM 2\u00aa CONVOCA\u00c7\u00c3O \u00c0S 14:00 HORAS COM 1\/3 DOS ASSOCIADOS E EM 3\u00aa E \u00daLTIMA CONVOCA\u00c7\u00c3O \u00c0S 14:30 HORAS, COM QUALQUER N\u00daMERO DE ASSOCIADOS.<\/p>\n<p>ASSUNTO:<\/p>\n<p>ALTERA\u00c7\u00c3O DO ESTATUTO SOCIAL DA ASCOMCER<\/p>\n<p style=\"text-align: center;\"><strong>JUIZ DE FORA-MG, 16 DE JANEIRO DE 2020<\/strong><\/p>\n<p style=\"text-align: center;\"><strong>ALESSANDRA SAMPAIO FARIA DE SOUZA<\/strong><\/p>\n<p style=\"text-align: center;\"><strong>PRESIDENTE DA ASCOMCER<\/strong><\/p>\n","protected":false},"excerpt":{"rendered":"<p>ASCOMCER ASSOCIA\u00c7\u00c3O FEMININA DE PREVEN\u00c7\u00c3O E COMBATE AO C\u00c2NCER DE JUIZ DE FORA EDITAL DE CONVOCA\u00c7\u00c3O ASSEMBLEIA GERAL EXTRAORDIN\u00c1RIA A PRESIDENTE DA ASCOMCER NO USO DE SUAS ATRIBUI\u00c7\u00d5ES E DE CONFORMIDADE COM A LETRA \u201cA\u201d DO ART. 18 DO ESTATUTO, CONVOCA OS SENHORES ASSOCIADOS FUNDADORES E EFETIVOS PARA A ASSEMBLEIA GERAL EXTRAORDIN\u00c1RIA A SER REALIZADA [&hellip;]<\/p>\n","protected":false},"author":96,"featured_media":0,"comment_status":"closed","ping_status":"closed","sticky":false,"template":"","format":"standard","meta":{"footnotes":""},"categories":[307],"tags":[],"class_list":["post-154031","post","type-post","status-publish","format-standard","hentry","category-editais"],"_links":{"self":[{"href":"https:\/\/diarioregionaldigital.com.br\/index.php?rest_route=\/wp\/v2\/posts\/154031","targetHints":{"allow":["GET"]}}],"collection":[{"href":"https:\/\/diarioregionaldigital.com.br\/index.php?rest_route=\/wp\/v2\/posts"}],"about":[{"href":"https:\/\/diarioregionaldigital.com.br\/index.php?rest_route=\/wp\/v2\/types\/post"}],"author":[{"embeddable":true,"href":"https:\/\/diarioregionaldigital.com.br\/index.php?rest_route=\/wp\/v2\/users\/96"}],"replies":[{"embeddable":true,"href":"https:\/\/diarioregionaldigital.com.br\/index.php?rest_route=%2Fwp%2Fv2%2Fcomments&post=154031"}],"version-history":[{"count":0,"href":"https:\/\/diarioregionaldigital.com.br\/index.php?rest_route=\/wp\/v2\/posts\/154031\/revisions"}],"wp:attachment":[{"href":"https:\/\/diarioregionaldigital.com.br\/index.php?rest_route=%2Fwp%2Fv2%2Fmedia&parent=154031"}],"wp:term":[{"taxonomy":"category","embeddable":true,"href":"https:\/\/diarioregionaldigital.com.br\/index.php?rest_route=%2Fwp%2Fv2%2Fcategories&post=154031"},{"taxonomy":"post_tag","embeddable":true,"href":"https:\/\/diarioregionaldigital.com.br\/index.php?rest_route=%2Fwp%2Fv2%2Ftags&post=154031"}],"curies":[{"name":"wp","href":"https:\/\/api.w.org\/{rel}","templated":true}]}}