{"id":154027,"date":"2020-01-17T06:00:06","date_gmt":"2020-01-17T08:00:06","guid":{"rendered":"https:\/\/diarioregionaldigital.com.br\/?p=154027"},"modified":"2020-01-17T06:04:04","modified_gmt":"2020-01-17T08:04:04","slug":"na-pista-de-danca","status":"publish","type":"post","link":"https:\/\/diarioregionaldigital.com.br\/?p=154027","title":{"rendered":"Na Pista de Dan\u00e7a"},"content":{"rendered":"<p style=\"text-align: center;\"><strong>Na Pista de Dan\u00e7a<\/strong><\/p>\n<p style=\"text-align: center;\">Antenad\u00edssimo Ranges estreou como Dj na Lovepop em 2017 e desde ent\u00e3o, vem mostrando o seu trabalho nas pick-ups de JF. Com o melhor do Pop e Funk, se destaca atrav\u00e9s de coreografias ic\u00f4nicas contagiando a galera. Nesta sexta-feira (17) ele volta \u00e0s origens fazendo parte do line da Danke Club, as 22h. Para rebolar at\u00e9 o ch\u00e3o ainda ter\u00e1 Vini e Vedder.<\/p>\n<p style=\"text-align: center;\"><strong>Edital<\/strong><\/p>\n<p style=\"text-align: center;\">O Forum da Cultura da UFJF est\u00e1 com inscri\u00e7\u00f5es abertas para a ocupa\u00e7\u00e3o de sua Galeria de Arte em 2020. O edital visa dar ampla oportunidade a talentos das mais diversas localidades para divulga\u00e7\u00e3o de seus trabalhos, sejam eles de quaisquer estilos e\/ou t\u00e9cnicas. Podem participar artistas e curadores em mostras individuais ou coletivas.<\/p>\n<p style=\"text-align: center;\"><strong>Celebra\u00e7\u00e3o<\/strong><\/p>\n<p style=\"text-align: center;\">No pr\u00f3ximo dia 20 de janeiro segunda feira, os cat\u00f3licos celebram S\u00e3o Sebasti\u00e3o, m\u00e1rtir romano conhecido como defensor da Igreja. Esse santo d\u00e1 nome a diversas capelas da Arquidiocese de Juiz de Fora, que ir\u00e3o homenage\u00e1-lo com programa\u00e7\u00f5es especiais. No dia do padroeiro, haver\u00e1 seis missas ao longo do dia, sendo que a \u00faltima, \u00e0s 18h30, ser\u00e1 presidida por Dom Gil Ant\u00f4nio Moreira, na Igreja de S\u00e3o Sebasti\u00e3o.<\/p>\n<p style=\"text-align: center;\"><strong>Precau\u00e7\u00e3o<\/strong><\/p>\n<p style=\"text-align: center;\">Aten\u00e7\u00e3o leitores: quando ocorrerem tempestades, rajadas de ventos, queda de raios e outras condi\u00e7\u00f5es clim\u00e1ticas adversas que tem sido frequente em Juiz de Fora, nas \u00faltimas semanas, a Dire\u00e7\u00e3o do Jardim Bot\u00e2nico da UFJF avaliar\u00e1 as circunst\u00e2ncias de visita\u00e7\u00e3o e poder\u00e1 optar pelo fechamento do local. Essa medida \u00e9 importante para a oferta de uma visita mais apropriada, prudente e confort\u00e1vel a este remanescente de Mata Atl\u00e2ntica. Para visitas ligue: 3224-6725.<\/p>\n<p style=\"text-align: center;\"><strong>Hor\u00e1rio<\/strong><\/p>\n<p style=\"text-align: center;\">Para atender a demanda no per\u00edodo de f\u00e9rias, em janeiro a Funda\u00e7\u00e3o Museu Mariano Proc\u00f3pio ampliou os hor\u00e1rios de visita\u00e7\u00e3o ao castelinho ou \u201cVilla Ferreira Lage\u201d como \u00e9 tamb\u00e9m conhecido o pr\u00e9dio hist\u00f3rico. Os grupos podem ser formados de 3\u00aa a 6\u00aa feira as 10h30 e 15h. A visita\u00e7\u00e3o \u00e9 gratuita com distribui\u00e7\u00e3o de 15 senhas.<\/p>\n<div id=\"attachment_153983\" style=\"width: 690px\" class=\"wp-caption aligncenter\"><img loading=\"lazy\" decoding=\"async\" aria-describedby=\"caption-attachment-153983\" class=\"wp-image-153983\" src=\"https:\/\/diarioregionaldigital.com.br\/wp-content\/uploads\/fotoaa-5-e1579216959755.jpg\" alt=\"\" width=\"680\" height=\"554\" srcset=\"https:\/\/diarioregionaldigital.com.br\/wp-content\/uploads\/fotoaa-5-e1579216959755.jpg 638w, https:\/\/diarioregionaldigital.com.br\/wp-content\/uploads\/fotoaa-5-e1579216959755-300x245.jpg 300w, https:\/\/diarioregionaldigital.com.br\/wp-content\/uploads\/fotoaa-5-e1579216959755-220x180.jpg 220w, https:\/\/diarioregionaldigital.com.br\/wp-content\/uploads\/fotoaa-5-e1579216959755-360x293.jpg 360w\" sizes=\"auto, (max-width: 680px) 100vw, 680px\" \/><p id=\"caption-attachment-153983\" class=\"wp-caption-text\">A deslumbrante modelo e bailarina do Doming\u00e3o do Faust\u00e3o Yasmin Marinho \u00e9 destaque absoluta hoje nesta p\u00e1gina<\/p><\/div>\n<div id=\"attachment_153984\" style=\"width: 690px\" class=\"wp-caption aligncenter\"><img loading=\"lazy\" decoding=\"async\" aria-describedby=\"caption-attachment-153984\" class=\"wp-image-153984\" src=\"https:\/\/diarioregionaldigital.com.br\/wp-content\/uploads\/fotoaaa-1-e1579216990932.jpg\" alt=\"\" width=\"680\" height=\"540\" srcset=\"https:\/\/diarioregionaldigital.com.br\/wp-content\/uploads\/fotoaaa-1-e1579216990932.jpg 765w, https:\/\/diarioregionaldigital.com.br\/wp-content\/uploads\/fotoaaa-1-e1579216990932-300x238.jpg 300w, https:\/\/diarioregionaldigital.com.br\/wp-content\/uploads\/fotoaaa-1-e1579216990932-360x286.jpg 360w\" sizes=\"auto, (max-width: 680px) 100vw, 680px\" \/><p id=\"caption-attachment-153984\" class=\"wp-caption-text\">O Dj Rangel Dante (Ranges) vai arrasar hoje na Danke Club, reunindo os rostos mais bonitos da cidade<\/p><\/div>\n<div id=\"attachment_153985\" style=\"width: 690px\" class=\"wp-caption aligncenter\"><img loading=\"lazy\" decoding=\"async\" aria-describedby=\"caption-attachment-153985\" class=\"wp-image-153985\" src=\"https:\/\/diarioregionaldigital.com.br\/wp-content\/uploads\/fotob-9-e1579217039821.jpg\" alt=\"\" width=\"680\" height=\"531\" srcset=\"https:\/\/diarioregionaldigital.com.br\/wp-content\/uploads\/fotob-9-e1579217039821.jpg 1170w, https:\/\/diarioregionaldigital.com.br\/wp-content\/uploads\/fotob-9-e1579217039821-300x234.jpg 300w, https:\/\/diarioregionaldigital.com.br\/wp-content\/uploads\/fotob-9-e1579217039821-768x599.jpg 768w, https:\/\/diarioregionaldigital.com.br\/wp-content\/uploads\/fotob-9-e1579217039821-1024x799.jpg 1024w, https:\/\/diarioregionaldigital.com.br\/wp-content\/uploads\/fotob-9-e1579217039821-360x281.jpg 360w\" sizes=\"auto, (max-width: 680px) 100vw, 680px\" \/><p id=\"caption-attachment-153985\" class=\"wp-caption-text\">Curtindo o ver\u00e3o no Guacamole na Barra\/RJ, os queridos Junin Souza e Paulo Roberto<\/p><\/div>\n<div id=\"attachment_153986\" style=\"width: 690px\" class=\"wp-caption aligncenter\"><img loading=\"lazy\" decoding=\"async\" aria-describedby=\"caption-attachment-153986\" class=\"wp-image-153986\" src=\"https:\/\/diarioregionaldigital.com.br\/wp-content\/uploads\/fotoc-7-e1579217076911.jpg\" alt=\"\" width=\"680\" height=\"591\" srcset=\"https:\/\/diarioregionaldigital.com.br\/wp-content\/uploads\/fotoc-7-e1579217076911.jpg 1172w, https:\/\/diarioregionaldigital.com.br\/wp-content\/uploads\/fotoc-7-e1579217076911-300x261.jpg 300w, https:\/\/diarioregionaldigital.com.br\/wp-content\/uploads\/fotoc-7-e1579217076911-768x667.jpg 768w, https:\/\/diarioregionaldigital.com.br\/wp-content\/uploads\/fotoc-7-e1579217076911-1024x889.jpg 1024w, https:\/\/diarioregionaldigital.com.br\/wp-content\/uploads\/fotoc-7-e1579217076911-360x313.jpg 360w\" sizes=\"auto, (max-width: 680px) 100vw, 680px\" \/><p id=\"caption-attachment-153986\" class=\"wp-caption-text\">Lindos de viver no Vem Ver\u00e3o em JF, Luzimara Gon\u00e7alves e Welton Souza, comemoram feliz uni\u00e3o<\/p><\/div>\n<div id=\"attachment_153987\" style=\"width: 690px\" class=\"wp-caption aligncenter\"><img loading=\"lazy\" decoding=\"async\" aria-describedby=\"caption-attachment-153987\" class=\"wp-image-153987\" src=\"https:\/\/diarioregionaldigital.com.br\/wp-content\/uploads\/fotod-9.jpg\" alt=\"\" width=\"680\" height=\"455\" srcset=\"https:\/\/diarioregionaldigital.com.br\/wp-content\/uploads\/fotod-9.jpg 1758w, https:\/\/diarioregionaldigital.com.br\/wp-content\/uploads\/fotod-9-300x201.jpg 300w, https:\/\/diarioregionaldigital.com.br\/wp-content\/uploads\/fotod-9-768x514.jpg 768w, https:\/\/diarioregionaldigital.com.br\/wp-content\/uploads\/fotod-9-1024x685.jpg 1024w, https:\/\/diarioregionaldigital.com.br\/wp-content\/uploads\/fotod-9-360x241.jpg 360w\" sizes=\"auto, (max-width: 680px) 100vw, 680px\" \/><p id=\"caption-attachment-153987\" class=\"wp-caption-text\">Direto de Arma\u00e7\u00e3o de B\u00fazios para esta coluna a dupla sensa\u00e7\u00e3o Renan &amp; Christiano com o corretor Toninho Cunha<\/p><\/div>\n<div id=\"attachment_153988\" style=\"width: 690px\" class=\"wp-caption aligncenter\"><img loading=\"lazy\" decoding=\"async\" aria-describedby=\"caption-attachment-153988\" class=\"wp-image-153988\" src=\"https:\/\/diarioregionaldigital.com.br\/wp-content\/uploads\/fotoe-9-e1579217154306.jpg\" alt=\"\" width=\"680\" height=\"524\" srcset=\"https:\/\/diarioregionaldigital.com.br\/wp-content\/uploads\/fotoe-9-e1579217154306.jpg 1173w, https:\/\/diarioregionaldigital.com.br\/wp-content\/uploads\/fotoe-9-e1579217154306-300x231.jpg 300w, https:\/\/diarioregionaldigital.com.br\/wp-content\/uploads\/fotoe-9-e1579217154306-768x592.jpg 768w, https:\/\/diarioregionaldigital.com.br\/wp-content\/uploads\/fotoe-9-e1579217154306-1024x789.jpg 1024w, https:\/\/diarioregionaldigital.com.br\/wp-content\/uploads\/fotoe-9-e1579217154306-360x277.jpg 360w\" sizes=\"auto, (max-width: 680px) 100vw, 680px\" \/><p id=\"caption-attachment-153988\" class=\"wp-caption-text\">Na quadra do Salgueiro\/Rio, gente que \u00e9 puro carnaval, Gabriel Bertolini, Viviane Ara\u00fajo e Ronald Abati<\/p><\/div>\n<div id=\"attachment_153989\" style=\"width: 690px\" class=\"wp-caption aligncenter\"><img loading=\"lazy\" decoding=\"async\" aria-describedby=\"caption-attachment-153989\" class=\"wp-image-153989\" src=\"https:\/\/diarioregionaldigital.com.br\/wp-content\/uploads\/fotof-9-e1579246717427.jpg\" alt=\"\" width=\"680\" height=\"521\" srcset=\"https:\/\/diarioregionaldigital.com.br\/wp-content\/uploads\/fotof-9-e1579246717427.jpg 1159w, https:\/\/diarioregionaldigital.com.br\/wp-content\/uploads\/fotof-9-e1579246717427-300x230.jpg 300w, https:\/\/diarioregionaldigital.com.br\/wp-content\/uploads\/fotof-9-e1579246717427-768x588.jpg 768w, https:\/\/diarioregionaldigital.com.br\/wp-content\/uploads\/fotof-9-e1579246717427-1024x785.jpg 1024w, https:\/\/diarioregionaldigital.com.br\/wp-content\/uploads\/fotof-9-e1579246717427-360x276.jpg 360w\" sizes=\"auto, (max-width: 680px) 100vw, 680px\" \/><p id=\"caption-attachment-153989\" class=\"wp-caption-text\">Amigos queridos em dia de festa em JF, Giulio Miranda e L\u00edvia Cal<\/p><\/div>\n<div id=\"attachment_153990\" style=\"width: 690px\" class=\"wp-caption aligncenter\"><img loading=\"lazy\" decoding=\"async\" aria-describedby=\"caption-attachment-153990\" class=\"wp-image-153990\" src=\"https:\/\/diarioregionaldigital.com.br\/wp-content\/uploads\/fotog-10-e1579246888528.jpg\" alt=\"\" width=\"680\" height=\"530\" srcset=\"https:\/\/diarioregionaldigital.com.br\/wp-content\/uploads\/fotog-10-e1579246888528.jpg 1189w, https:\/\/diarioregionaldigital.com.br\/wp-content\/uploads\/fotog-10-e1579246888528-300x234.jpg 300w, https:\/\/diarioregionaldigital.com.br\/wp-content\/uploads\/fotog-10-e1579246888528-768x598.jpg 768w, https:\/\/diarioregionaldigital.com.br\/wp-content\/uploads\/fotog-10-e1579246888528-1024x797.jpg 1024w, https:\/\/diarioregionaldigital.com.br\/wp-content\/uploads\/fotog-10-e1579246888528-360x280.jpg 360w\" sizes=\"auto, (max-width: 680px) 100vw, 680px\" \/><p id=\"caption-attachment-153990\" class=\"wp-caption-text\">Em cena eletr\u00f4nica no Green Hill, os saud\u00e1veis Renata Hirschberg e Arthur Magalh\u00e3es<\/p><\/div>\n<div id=\"attachment_153991\" style=\"width: 690px\" class=\"wp-caption aligncenter\"><img loading=\"lazy\" decoding=\"async\" aria-describedby=\"caption-attachment-153991\" class=\"wp-image-153991\" src=\"https:\/\/diarioregionaldigital.com.br\/wp-content\/uploads\/fotoh-6.jpg\" alt=\"\" width=\"680\" height=\"452\" srcset=\"https:\/\/diarioregionaldigital.com.br\/wp-content\/uploads\/fotoh-6.jpg 1770w, https:\/\/diarioregionaldigital.com.br\/wp-content\/uploads\/fotoh-6-300x199.jpg 300w, https:\/\/diarioregionaldigital.com.br\/wp-content\/uploads\/fotoh-6-768x510.jpg 768w, https:\/\/diarioregionaldigital.com.br\/wp-content\/uploads\/fotoh-6-1024x680.jpg 1024w, https:\/\/diarioregionaldigital.com.br\/wp-content\/uploads\/fotoh-6-360x239.jpg 360w\" sizes=\"auto, (max-width: 680px) 100vw, 680px\" \/><p id=\"caption-attachment-153991\" class=\"wp-caption-text\">Em Guarapari (ES) festejando o ver\u00e3o o casal espet\u00e1culo, Regiane e Giovani Bertolin<\/p><\/div>\n<div id=\"attachment_153992\" style=\"width: 690px\" class=\"wp-caption aligncenter\"><img loading=\"lazy\" decoding=\"async\" aria-describedby=\"caption-attachment-153992\" class=\"wp-image-153992\" src=\"https:\/\/diarioregionaldigital.com.br\/wp-content\/uploads\/fotoi-9-e1579246931280.jpg\" alt=\"\" width=\"680\" height=\"518\" srcset=\"https:\/\/diarioregionaldigital.com.br\/wp-content\/uploads\/fotoi-9-e1579246931280.jpg 1168w, https:\/\/diarioregionaldigital.com.br\/wp-content\/uploads\/fotoi-9-e1579246931280-300x229.jpg 300w, https:\/\/diarioregionaldigital.com.br\/wp-content\/uploads\/fotoi-9-e1579246931280-768x585.jpg 768w, https:\/\/diarioregionaldigital.com.br\/wp-content\/uploads\/fotoi-9-e1579246931280-1024x780.jpg 1024w, https:\/\/diarioregionaldigital.com.br\/wp-content\/uploads\/fotoi-9-e1579246931280-360x274.jpg 360w\" sizes=\"auto, (max-width: 680px) 100vw, 680px\" \/><p id=\"caption-attachment-153992\" class=\"wp-caption-text\">Reis da Gastronomia no Bar do Futrica, o Masterchef Pablo Oazen e Sidney Vieira<\/p><\/div>\n<p style=\"text-align: center;\"><strong>FOTOSS\u00cdNTESE<\/strong><\/p>\n<p>O Privil\u00e9ge vai estremecer com a super festa Go Fresh no dia 08 de fevereiro, as14hs. Em cena o long set com Dashhot, Fancy INC, Santti, Clubers-Capute e Moa, Sandro Valente, Limeira, Tannurex Lamas.<\/p>\n<p>Para a sexta-feira 24 de janeiro, o Cultural abre seu sal\u00e3o para o show do Santo de Casa, Soul Rueiro, Babilon Brasil e La Fam\u00edlia. As 23h.<\/p>\n<p>O doming\u00e3o na Cervejaria Escola Mirante recebe no dia 19, \u00e0s 12hs, a boa m\u00fasica do cantor Rodrigo Andrade.<\/p>\n<p>Com espa\u00e7o humanizado e a praticidade de ver\u00e3o os fins de semana no Clube Cascatinha tem reunido gente da sociedade e ex-funcion\u00e1rios da Telemig com Rita Ribeiro e \u00c2ngela Marta Costa.<\/p>\n<p>No final de m\u00eas ser\u00e1 lan\u00e7ada no Bar do Trade Hotel a revista Shopping &amp; Masketing de propriedade deste colunista com \u201cOs Melhores de 2019\u201d.<\/p>\n<p>A dupla sensa\u00e7\u00e3o Renan &amp; Cristiano foi a atra\u00e7\u00e3o na festa de casamento de Fabiana Viana Lima e Marco Ant\u00f4nio Toledo Cunha, na Praia da Ferradura, em B\u00fazios (RJ).<\/p>\n<p>Este colunista deu um rolezinho pela cidade e ficou horrorizado com a sujeira, buracos e cal\u00e7adas danificadas no centro de Juiz de Fora. \u00c9 de d\u00e1 d\u00f3!<\/p>\n<p>Eveline Toledo, Adriana Mendes, Edna Saleme e Ligeirinho, Heloisa Monteiro, Mam\u00e3o e Dudu Maravilha v\u00e3o desfilar no bloco do Beco enaltecendo os samba da Feliz Lembran\u00e7a, \u201cAh, se eu fosse feliz\u201d, est\u00e1 completando 71 anos.<\/p>\n<p>Erika Beire e N\u00e1dia Justi s\u00e3o lindas ritmistas do Bloco S\u00f3 Love.<\/p>\n<p>A 40\u00aa edi\u00e7\u00e3o do Miss Brasil Gay 2020, no Terrazzo ser\u00e1 em homenagem ao idealizador do concurso, o querido Chiquinho Cabelereiro. Este colunista a convite de Chiquinho integrou 3 vezes o Corpo de Jurados ao lado de Luiza Brunet, Ta\u00eds Ara\u00fajo e Preta Gil. Todos no Sport Club Juiz de Fora. A edi\u00e7\u00e3o 2020 ser\u00e1 dia 15 de agosto.<\/p>\n<p>A ribalta do Teatro Pascoal Carlos Magno estar\u00e1 toda iluminada para que nos dias 31 de janeiro e 1\u00ba de fevereiro Marcelo Bonfante, do Grupo Parafuso Solto apresentar a pe\u00e7a \u201cUm parafuso a menos\u201d.<\/p>\n<p>Est\u00e3o sumidas do circuito social e precisam aparecer para alegria de todos: Solange Firjam, Ana Maria Moraes Lima, Cl\u00e1udia Nunes, Wanda Magnolo, Ana Elisa Costa, Marion Gon\u00e7alves, Carminha Ara\u00fajo e Baby Mancini.<\/p>\n<p>Colorindo o grupo de bailarinas do Doming\u00e3o do Faust\u00e3o, a linda juiz-forana Yasmin Marinho.<\/p>\n<p>Inclua no seu release: N\u00e3o estou neste mundo para competir com absolutamente nada e nem com ningu\u00e9m. Cuidar de mim j\u00e1 \u00e9 uma tarefa bastante desafiadora. Bom dia.<\/p>\n<p><img loading=\"lazy\" decoding=\"async\" class=\"aligncenter size-full wp-image-154028\" src=\"https:\/\/diarioregionaldigital.com.br\/wp-content\/uploads\/anuncio100.jpg\" alt=\"\" width=\"3473\" height=\"1298\" srcset=\"https:\/\/diarioregionaldigital.com.br\/wp-content\/uploads\/anuncio100.jpg 3473w, https:\/\/diarioregionaldigital.com.br\/wp-content\/uploads\/anuncio100-300x112.jpg 300w, https:\/\/diarioregionaldigital.com.br\/wp-content\/uploads\/anuncio100-768x287.jpg 768w, https:\/\/diarioregionaldigital.com.br\/wp-content\/uploads\/anuncio100-1024x383.jpg 1024w, https:\/\/diarioregionaldigital.com.br\/wp-content\/uploads\/anuncio100-360x135.jpg 360w\" sizes=\"auto, (max-width: 3473px) 100vw, 3473px\" \/><\/p>\n","protected":false},"excerpt":{"rendered":"<p>Na Pista de Dan\u00e7a Antenad\u00edssimo Ranges estreou como Dj na Lovepop em 2017 e desde ent\u00e3o, vem mostrando o seu trabalho nas pick-ups de JF. Com o melhor do Pop e Funk, se destaca atrav\u00e9s de coreografias ic\u00f4nicas contagiando a galera. Nesta sexta-feira (17) ele volta \u00e0s origens fazendo parte do line da Danke Club, [&hellip;]<\/p>\n","protected":false},"author":96,"featured_media":153983,"comment_status":"closed","ping_status":"closed","sticky":false,"template":"","format":"standard","meta":{"footnotes":""},"categories":[264],"tags":[],"class_list":["post-154027","post","type-post","status-publish","format-standard","has-post-thumbnail","hentry","category-eduardo-gomes"],"_links":{"self":[{"href":"https:\/\/diarioregionaldigital.com.br\/index.php?rest_route=\/wp\/v2\/posts\/154027","targetHints":{"allow":["GET"]}}],"collection":[{"href":"https:\/\/diarioregionaldigital.com.br\/index.php?rest_route=\/wp\/v2\/posts"}],"about":[{"href":"https:\/\/diarioregionaldigital.com.br\/index.php?rest_route=\/wp\/v2\/types\/post"}],"author":[{"embeddable":true,"href":"https:\/\/diarioregionaldigital.com.br\/index.php?rest_route=\/wp\/v2\/users\/96"}],"replies":[{"embeddable":true,"href":"https:\/\/diarioregionaldigital.com.br\/index.php?rest_route=%2Fwp%2Fv2%2Fcomments&post=154027"}],"version-history":[{"count":0,"href":"https:\/\/diarioregionaldigital.com.br\/index.php?rest_route=\/wp\/v2\/posts\/154027\/revisions"}],"wp:featuredmedia":[{"embeddable":true,"href":"https:\/\/diarioregionaldigital.com.br\/index.php?rest_route=\/wp\/v2\/media\/153983"}],"wp:attachment":[{"href":"https:\/\/diarioregionaldigital.com.br\/index.php?rest_route=%2Fwp%2Fv2%2Fmedia&parent=154027"}],"wp:term":[{"taxonomy":"category","embeddable":true,"href":"https:\/\/diarioregionaldigital.com.br\/index.php?rest_route=%2Fwp%2Fv2%2Fcategories&post=154027"},{"taxonomy":"post_tag","embeddable":true,"href":"https:\/\/diarioregionaldigital.com.br\/index.php?rest_route=%2Fwp%2Fv2%2Ftags&post=154027"}],"curies":[{"name":"wp","href":"https:\/\/api.w.org\/{rel}","templated":true}]}}